{"id":109432,"date":"2019-09-29T18:50:29","date_gmt":"2019-09-29T16:50:29","guid":{"rendered":"https:\/\/zjarr.tv\/?p=109432"},"modified":"2019-09-29T17:53:52","modified_gmt":"2019-09-29T15:53:52","slug":"fluksi-i-migranteve-athina-flet-per-krize-kombetare","status":"publish","type":"post","link":"https:\/\/zjarr.tv\/en\/fluksi-i-migranteve-athina-flet-per-krize-kombetare\/","title":{"rendered":"Fluksi i migrant\u00ebve, Athina flet p\u00ebr kriz\u00eb komb\u00ebtare"},"content":{"rendered":"<p><em>Greqia mbetet nj\u00eb nga vendet kryesore prit\u00ebse t\u00eb refugjat\u00ebve q\u00eb tentojn\u00eb t&#8217;u largohen varf\u00ebris\u00eb dhe luft\u00ebs nga vendet arabe dhe ato afrikanoveriore. Numri i tyre n\u00eb kampet ishullore arrin deri 30 mij\u00eb, dhe tani po mendohet zhvendosja e pjesshme brenda vendit.<\/em><\/p>\n<p>Ministria greke e Mbrojtjes ka deklaruar se situata me refugjat\u00ebt po merr dimensionet e nj\u00eb krize komb\u00ebtare.<\/p>\n<p>Qeveria n\u00eb fundjav\u00eb u detyrua t\u00eb zhvendos\u00eb brenda vendit rreth 350 emigrant\u00eb nga ishujt pran\u00eb Egjeut, pasi kapacitetet e kampeve atje jan\u00eb tejkaluar disafish.<\/p>\n<p>Qindra t\u00eb tjer\u00eb planifikohet t\u00eb transportohen n\u00eb Pire gjat\u00eb s\u00eb h\u00ebn\u00ebs., nd\u00ebrsa n\u00eb mbar\u00eb vendin numri i t\u00eb zhvendosurve do t\u00eb arrij\u00eb deri 10 mij\u00eb.<\/p>\n<p>Fluksi i refugjat\u00ebve q\u00eb strehohen n\u00eb ishujt grek\u00eb t\u00eb Lesbosit, Kiosit, Samosit, Lerosit dhe Kosit \u00ebsht\u00eb rritur progresivisht n\u00eb gati 30 mij\u00eb n\u00eb muajin gusht.<\/p>\n<p>Autoritetet deklarojn\u00eb se v\u00ebshtir\u00ebsi po has edhe p\u00ebrpunimi i k\u00ebrkesave p\u00ebr azil pasi mungon personeli.<\/p>\n<p>Nga radh\u00ebt e refugjat\u00ebve, kriza ka prekur ve\u00e7an\u00ebrisht t\u00eb miturit, numri i t\u00eb cil\u00ebve arrin mbi 4,300 kur strukturat akomoduese garantohen p\u00ebr vet\u00ebm 1,900.<\/p>\n<p>P\u00ebr k\u00ebt\u00eb shkak, n\u00eb Greqi refugjat\u00ebt minoren\u00eb t\u00eb pashoq\u00ebruar shpesh p\u00ebrfundojn\u00eb n\u00eb institucione rehabilitimi ose n\u00ebp\u00ebr spitale p\u00ebr periudha p\u00ebrtej atyre t\u00eb parashikuara n\u00eb ligj.<\/p>\n<p>Jeta n\u00eb kampe mbetet e rrezikuar qoft\u00eb nga konfliktet e \u00e7astit mes refugjat\u00ebve, apo nga kushtet higjieno-sanitare dhe r\u00ebndesat psikologjike.<\/p>\n<p>Me nj\u00eb kriz\u00eb humanitare po kaq t\u00eb thell\u00eb p\u00ebrballet edhe Turqia.<\/p>\n<p>S\u00eb fundmi, Ankaraja zyrtare ka rritur presionin mbi Bashkimin Europian duke k\u00ebrc\u00ebnuar se kontingjenti i vet prej 4 milion\u00eb refugjat\u00ebsh do t\u00eb l\u00ebshohet pjes\u00ebrisht n\u00eb Europ\u00eb n\u00ebse nuk p\u00ebrmbushen zotimet financiare t\u00eb dakord\u00ebsuara mes dy partner\u00ebve n\u00eb mars t\u00eb vitit 2016.<\/p>","protected":false},"excerpt":{"rendered":"<p>Greqia mbetet nj\u00eb nga vendet kryesore prit\u00ebse t\u00eb refugjat\u00ebve q\u00eb tentojn\u00eb t&#8217;u largohen varf\u00ebris\u00eb dhe luft\u00ebs nga vendet arabe dhe ato afrikanoveriore. Numri i tyre n\u00eb kampet ishullore arrin deri 30 mij\u00eb, dhe tani po mendohet zhvendosja e pjesshme brenda vendit. Ministria greke e Mbrojtjes ka deklaruar se situata me refugjat\u00ebt po merr dimensionet e [&hellip;]<\/p>\n","protected":false},"author":2013,"featured_media":109433,"comment_status":"open","ping_status":"closed","sticky":false,"template":"","format":"standard","meta":{"footnotes":""},"categories":[241,2],"tags":[],"class_list":{"0":"post-109432","1":"post","2":"type-post","3":"status-publish","4":"format-standard","5":"has-post-thumbnail","7":"category-aktualitet","8":"category-rajoni"},"_links":{"self":[{"href":"https:\/\/zjarr.tv\/en\/wp-json\/wp\/v2\/posts\/109432","targetHints":{"allow":["GET"]}}],"collection":[{"href":"https:\/\/zjarr.tv\/en\/wp-json\/wp\/v2\/posts"}],"about":[{"href":"https:\/\/zjarr.tv\/en\/wp-json\/wp\/v2\/types\/post"}],"author":[{"embeddable":true,"href":"https:\/\/zjarr.tv\/en\/wp-json\/wp\/v2\/users\/2013"}],"replies":[{"embeddable":true,"href":"https:\/\/zjarr.tv\/en\/wp-json\/wp\/v2\/comments?post=109432"}],"version-history":[{"count":0,"href":"https:\/\/zjarr.tv\/en\/wp-json\/wp\/v2\/posts\/109432\/revisions"}],"wp:featuredmedia":[{"embeddable":true,"href":"https:\/\/zjarr.tv\/en\/wp-json\/wp\/v2\/media\/109433"}],"wp:attachment":[{"href":"https:\/\/zjarr.tv\/en\/wp-json\/wp\/v2\/media?parent=109432"}],"wp:term":[{"taxonomy":"category","embeddable":true,"href":"https:\/\/zjarr.tv\/en\/wp-json\/wp\/v2\/categories?post=109432"},{"taxonomy":"post_tag","embeddable":true,"href":"https:\/\/zjarr.tv\/en\/wp-json\/wp\/v2\/tags?post=109432"}],"curies":[{"name":"wp","href":"https:\/\/api.w.org\/{rel}","templated":true}]}}