{"id":109435,"date":"2019-09-29T19:00:58","date_gmt":"2019-09-29T17:00:58","guid":{"rendered":"https:\/\/zjarr.tv\/?p=109435"},"modified":"2019-09-29T17:54:25","modified_gmt":"2019-09-29T15:54:25","slug":"kandidatja-per-kryeministre-ideja-per-ndryshim-kufijsh-eshte-ruso-serbe-ldk-kunder","status":"publish","type":"post","link":"https:\/\/zjarr.tv\/en\/kandidatja-per-kryeministre-ideja-per-ndryshim-kufijsh-eshte-ruso-serbe-ldk-kunder\/","title":{"rendered":"Kandidatja p\u00ebr kryeministre: Ideja p\u00ebr ndryshim kufijsh \u00ebsht\u00eb ruso-serbe, LDK kund\u00ebr"},"content":{"rendered":"<p>Kandidatja p\u00ebr kryeministre nga Lidhja Demokratike e Kosov\u00ebs, Vjosa Osmani ka th\u00ebn\u00eb se idea p\u00ebr ndryshim kufijsh nuk do t\u00eb jet\u00eb pjes\u00eb e dialogut n\u00eb mes Kosov\u00ebs dhe Serbis\u00eb.<\/p>\n<p>Madje, ajo ka th\u00ebn\u00eb se tashm\u00eb e ka bindur edhe n\u00ebnkryetarin e LDK-s\u00eb, Lutfi Hazirin q\u00eb nuk mund t\u00eb ket\u00eb ndryshim t\u00eb kufijve.<\/p>\n<p><em>\u201cDuhet t\u00eb m\u00eb besoni sepse deri m\u00eb tani jam kund\u00ebr ides\u00eb s\u00eb ndryshimit t\u00eb kufijve. Poashtu, deri m\u00eb tani kam arritur q\u00eb ta bind shefin e shtabit zgjedhor, z. Haziri i cili tashm\u00eb n\u00eb plot\u00ebni respekton vendimin unanim pa asnj\u00eb vot\u00eb kund\u00ebr t\u00eb K\u00ebshillit t\u00eb LDK-s\u00eb cili e ka hartuar platform\u00ebn p\u00ebr dialogun Kosov\u00eb- Serbi q\u00eb num\u00ebr nj\u00eb \u00ebsht\u00eb mos ndryshimi i kufijve\u201d, ka deklaruar Vjosa Osmani n\u00eb Debat Pernime.<\/em><\/p>\n<p>Sipas kandidates p\u00ebr kryeministre nga LDK, ideja e Lutfi Hazirit ka qen\u00eb ndryshe p\u00ebr ndryshim kufijsh prej asaj t\u00eb presidentit Hashim Tha\u00e7i.<\/p>\n<p><em>\u201cZ. Haziri edhe ashtu ka pasur nj\u00eb ide plot\u00ebsisht ndryshe ndaj asaj q\u00eb ju e quani e z. Tha\u00e7i q\u00eb n\u00eb fakt nuk \u00ebsht\u00eb ide e z. Tha\u00e7i, \u00ebsht\u00eb ide ruso-serbe t\u00eb cil\u00ebn LDK e ka kund\u00ebrshtuar historishikisht\u201d, ka th\u00ebn\u00eb ajo.<\/em><\/p>","protected":false},"excerpt":{"rendered":"<p>Kandidatja p\u00ebr kryeministre nga Lidhja Demokratike e Kosov\u00ebs, Vjosa Osmani ka th\u00ebn\u00eb se idea p\u00ebr ndryshim kufijsh nuk do t\u00eb jet\u00eb pjes\u00eb e dialogut n\u00eb mes Kosov\u00ebs dhe Serbis\u00eb. Madje, ajo ka th\u00ebn\u00eb se tashm\u00eb e ka bindur edhe n\u00ebnkryetarin e LDK-s\u00eb, Lutfi Hazirin q\u00eb nuk mund t\u00eb ket\u00eb ndryshim t\u00eb kufijve. \u201cDuhet t\u00eb m\u00eb [&hellip;]<\/p>\n","protected":false},"author":2013,"featured_media":0,"comment_status":"open","ping_status":"closed","sticky":false,"template":"","format":"standard","meta":{"footnotes":""},"categories":[241,2],"tags":[],"class_list":{"0":"post-109435","1":"post","2":"type-post","3":"status-publish","4":"format-standard","6":"category-aktualitet","7":"category-rajoni"},"_links":{"self":[{"href":"https:\/\/zjarr.tv\/en\/wp-json\/wp\/v2\/posts\/109435","targetHints":{"allow":["GET"]}}],"collection":[{"href":"https:\/\/zjarr.tv\/en\/wp-json\/wp\/v2\/posts"}],"about":[{"href":"https:\/\/zjarr.tv\/en\/wp-json\/wp\/v2\/types\/post"}],"author":[{"embeddable":true,"href":"https:\/\/zjarr.tv\/en\/wp-json\/wp\/v2\/users\/2013"}],"replies":[{"embeddable":true,"href":"https:\/\/zjarr.tv\/en\/wp-json\/wp\/v2\/comments?post=109435"}],"version-history":[{"count":0,"href":"https:\/\/zjarr.tv\/en\/wp-json\/wp\/v2\/posts\/109435\/revisions"}],"wp:attachment":[{"href":"https:\/\/zjarr.tv\/en\/wp-json\/wp\/v2\/media?parent=109435"}],"wp:term":[{"taxonomy":"category","embeddable":true,"href":"https:\/\/zjarr.tv\/en\/wp-json\/wp\/v2\/categories?post=109435"},{"taxonomy":"post_tag","embeddable":true,"href":"https:\/\/zjarr.tv\/en\/wp-json\/wp\/v2\/tags?post=109435"}],"curies":[{"name":"wp","href":"https:\/\/api.w.org\/{rel}","templated":true}]}}