{"id":109438,"date":"2019-09-29T19:10:38","date_gmt":"2019-09-29T17:10:38","guid":{"rendered":"https:\/\/zjarr.tv\/?p=109438"},"modified":"2019-09-29T17:55:18","modified_gmt":"2019-09-29T15:55:18","slug":"gjenden-mbetje-mikroplastike-ne-gjallesat-e-detit-mesdhe","status":"publish","type":"post","link":"https:\/\/zjarr.tv\/en\/gjenden-mbetje-mikroplastike-ne-gjallesat-e-detit-mesdhe\/","title":{"rendered":"Gjenden mbetje mikroplastike n\u00eb gjallesat e Detit Mesdhe"},"content":{"rendered":"<p><em>Niveli n\u00eb rritje i ndotjes nga mbetjet mikroplastike po rrezikon biodiversitetin e Mesdheut. Nj\u00eb projekt italian q\u00eb prej gjasht\u00eb vitesh ka skanuar edhe uj\u00ebrat e Shqip\u00ebris\u00eb apelon p\u00ebr marrjen e masave urgjente dhe shmangien e l\u00ebnd\u00ebv\u00eb t\u00eb pariciklueshme si plastika.<\/em><\/p>\n<p>Deti Mesdhe p\u00ebrballet me nj\u00eb emergjenc\u00eb reale p\u00ebr arsye t\u00eb ndotjes nga l\u00ebnd\u00ebt plastike dhe mikroplastike.<\/p>\n<p>Nivelet e larta t\u00eb ndotjes po k\u00ebrc\u00ebnojn\u00eb gjallesat bimore e shtazore, n\u00eb Shqip\u00ebri e m\u00eb gjer\u00eb.<\/p>\n<p>Apelin p\u00ebr marrjen e masave e kan\u00eb b\u00ebr\u00eb ekspert\u00eb biolog\u00eb t\u00eb cil\u00ebt prej vitit 2013 analizojn\u00eb uj\u00ebrat anek\u00ebnd Mesdheut n\u00eb kuad\u00ebr t\u00eb projektit &#8220;Mediterranea&#8221;.<\/p>\n<p>Nisma e mb\u00ebshtetur nga ministrit\u00eb, institucionet kulturore, detare dhe ushtarake n\u00eb Itali ka siguruar nj\u00eb hart\u00eb t\u00eb ndotjes n\u00ebnujore n\u00eb Mesdhe e cila nis nga Deti i Zi n\u00eb lindje deri n\u00eb Oqeanin Atlantik.<\/p>\n<p>Ekspert\u00ebt kan\u00eb gjetur sasi t\u00eb m\u00ebdha mbetjesh plastike, ve\u00e7an\u00ebrisht n\u00eb shtratin e zonave ku ndeshen rryma rrotulluese nga rrjedhat e kund\u00ebrta ujore.<\/p>\n<p>Shum\u00eb prej k\u00ebtyre mbetje grimcohen me kalimin e koh\u00ebs duke u kthyer n\u00eb mikroplastika, t\u00eb cilat m\u00eb pas konsumohen nga peshqit e vegj\u00ebl dhe p\u00ebrfundojn\u00eb deri n\u00eb zinxhirin ushqimor t\u00eb njeriut.<\/p>\n<p><em>&#8220;Prodhimet pastike n\u00eb bot\u00eb rriten me 9 p\u00ebr qind \u00e7do vit. Po t\u00eb jet\u00eb e mundur, duhet t\u00eb kthehemi s\u00ebrish te p\u00ebrdorimi i qelqit, pasi ai edhe mund t\u00eb riciklohet,&#8221;<\/em>\u00a0thekson specialisti i biologjis\u00eb detare, Adriano Madona.<\/p>\n<p>Konkluzionet e ekspert\u00ebve u paraqit\u00ebn n\u00eb nj\u00eb konferenc\u00eb q\u00eb u mbajt n\u00eb qytetin italian t\u00eb Napolit.<\/p>\n<p>Fol\u00ebsit p\u00ebrmend\u00ebn edhe pasojat q\u00eb ndryshimet klimatike sjellin te biodiversiteti i Mesdheut, duke th\u00ebn\u00eb se n\u00eb uj\u00ebrat e Si\u00e7ilis\u00eb tani gjenden alga q\u00eb m\u00eb par\u00eb rriteshin vet\u00ebm n\u00eb uj\u00ebrat tropikal\u00eb.<\/p>","protected":false},"excerpt":{"rendered":"<p>Niveli n\u00eb rritje i ndotjes nga mbetjet mikroplastike po rrezikon biodiversitetin e Mesdheut. Nj\u00eb projekt italian q\u00eb prej gjasht\u00eb vitesh ka skanuar edhe uj\u00ebrat e Shqip\u00ebris\u00eb apelon p\u00ebr marrjen e masave urgjente dhe shmangien e l\u00ebnd\u00ebv\u00eb t\u00eb pariciklueshme si plastika. Deti Mesdhe p\u00ebrballet me nj\u00eb emergjenc\u00eb reale p\u00ebr arsye t\u00eb ndotjes nga l\u00ebnd\u00ebt plastike dhe [&hellip;]<\/p>\n","protected":false},"author":2013,"featured_media":0,"comment_status":"open","ping_status":"closed","sticky":false,"template":"","format":"standard","meta":{"footnotes":""},"categories":[241,191],"tags":[],"class_list":{"0":"post-109438","1":"post","2":"type-post","3":"status-publish","4":"format-standard","6":"category-aktualitet","7":"category-bota"},"_links":{"self":[{"href":"https:\/\/zjarr.tv\/en\/wp-json\/wp\/v2\/posts\/109438","targetHints":{"allow":["GET"]}}],"collection":[{"href":"https:\/\/zjarr.tv\/en\/wp-json\/wp\/v2\/posts"}],"about":[{"href":"https:\/\/zjarr.tv\/en\/wp-json\/wp\/v2\/types\/post"}],"author":[{"embeddable":true,"href":"https:\/\/zjarr.tv\/en\/wp-json\/wp\/v2\/users\/2013"}],"replies":[{"embeddable":true,"href":"https:\/\/zjarr.tv\/en\/wp-json\/wp\/v2\/comments?post=109438"}],"version-history":[{"count":0,"href":"https:\/\/zjarr.tv\/en\/wp-json\/wp\/v2\/posts\/109438\/revisions"}],"wp:attachment":[{"href":"https:\/\/zjarr.tv\/en\/wp-json\/wp\/v2\/media?parent=109438"}],"wp:term":[{"taxonomy":"category","embeddable":true,"href":"https:\/\/zjarr.tv\/en\/wp-json\/wp\/v2\/categories?post=109438"},{"taxonomy":"post_tag","embeddable":true,"href":"https:\/\/zjarr.tv\/en\/wp-json\/wp\/v2\/tags?post=109438"}],"curies":[{"name":"wp","href":"https:\/\/api.w.org\/{rel}","templated":true}]}}