{"id":109441,"date":"2019-09-29T19:20:31","date_gmt":"2019-09-29T17:20:31","guid":{"rendered":"https:\/\/zjarr.tv\/?p=109441"},"modified":"2019-09-29T17:56:00","modified_gmt":"2019-09-29T15:56:00","slug":"johnson-brexit-do-te-ndodhe-me-31-tetor","status":"publish","type":"post","link":"https:\/\/zjarr.tv\/en\/johnson-brexit-do-te-ndodhe-me-31-tetor\/","title":{"rendered":"Johnson: Brexit do t\u00eb ndodh\u00eb m\u00eb 31 tetor"},"content":{"rendered":"<p>Boris Johnson u zotua se do t\u00eb vazhdoj\u00eb t\u00eb jet\u00eb kryeminist\u00ebr i Britanis\u00eb s\u00eb Madhe edhe n\u00ebse d\u00ebshton q\u00eb t\u00eb arrij\u00eb nj\u00eb marr\u00ebveshje me Bashkimin Evropian, duke shtuar se vet\u00ebm qeveria e tij konservatore, mund ta respektoj\u00eb dat\u00ebn 31 tetor, q\u00eb \u00ebsht\u00eb afati i fundit q\u00eb vendi t\u00eb largohet nga BE-ja.<\/p>\n<p>Johnson d\u00ebshiron q\u00eb Britania t\u00eb largohet nga BE-ja me ose pa marr\u00ebveshje. Por, Parlamenti britanik ka miratuar nj\u00eb ligj, q\u00eb k\u00ebrkon nga kryeministri q\u00eb Brexit-i (dalja e Britanis\u00eb nga BE-ja) t\u00eb shtyhet, n\u00ebse ai nuk siguron nj\u00eb marr\u00ebveshje me Brukselin n\u00eb samitin e BE-s\u00eb q\u00eb do t\u00eb mbahet m\u00eb 17 dhe 18 tetor.<\/p>\n<p>Megjithat\u00eb, Johnson, gjat\u00eb nj\u00eb interviste p\u00ebr BBC, nuk shpjegoi se si planifikon q\u00eb ta anashkaloj\u00eb k\u00ebt\u00eb ligj, t\u00eb cilin ai e quan \u201cakti i dor\u00ebzimi\u201d.<\/p>\n<p>\u201cNjer\u00ebzit e ndjenj\u00eb se ky shtet po i afrohet nj\u00eb momenti t\u00eb r\u00ebnd\u00ebsish\u00ebm dhe ne duhet ta finalizojm\u00eb Brexit-in m\u00eb 31 tetor. Un\u00eb do ta b\u00ebj k\u00ebt\u00eb\u201d, tha Johnson.<\/p>\n<p>I pyetur se a do t\u00eb jepte dor\u00ebheqje nga pozita e kryeministrit, n\u00ebse nuk arrin t\u00eb siguroj\u00eb nj\u00eb marr\u00ebveshje t\u00eb re, Johnson tha :\u201cJo, un\u00eb kam marr udh\u00ebheqjen e partis\u00eb dhe t\u00eb vendit tim n\u00eb nj\u00eb koh\u00eb t\u00eb v\u00ebshtir\u00eb dhe do t\u00eb vazhdoj ta b\u00ebj nj\u00eb gj\u00eb t\u00eb till\u00eb. Besoj se kjo \u00ebsht\u00eb p\u00ebrgjegj\u00ebsia ime\u201d.<\/p>\n<p>Kryeministri britanik, megjithat\u00eb, tha se ende \u00ebsht\u00eb optimist se mund t\u00eb arrij\u00eb \u201cnj\u00eb marr\u00ebveshje t\u00eb mir\u00eb\u201d me Brukselin, por shtoi se ai nuk do t\u00eb pretendoj\u00eb se arritja e k\u00ebsaj marr\u00ebveshjeje \u00ebsht\u00eb nj\u00eb gj\u00eb e leht\u00eb.<\/p>\n<p>\u201c\u00cbsht\u00eb e v\u00ebrtet\u00eb q\u00eb shtetet e tjera t\u00eb BE-s\u00eb gjithashtu nuk duan q\u00eb kjo pun\u00eb t\u00eb zvarritet. Ekziston nj\u00eb pik\u00ebpamje e fuqishme n\u00eb BE se \u00ebsht\u00eb koha p\u00ebr t\u00eb l\u00ebvizur p\u00ebrpara\u201d, tha kryeministri britanik.\/Rel<\/p>","protected":false},"excerpt":{"rendered":"<p>Boris Johnson u zotua se do t\u00eb vazhdoj\u00eb t\u00eb jet\u00eb kryeminist\u00ebr i Britanis\u00eb s\u00eb Madhe edhe n\u00ebse d\u00ebshton q\u00eb t\u00eb arrij\u00eb nj\u00eb marr\u00ebveshje me Bashkimin Evropian, duke shtuar se vet\u00ebm qeveria e tij konservatore, mund ta respektoj\u00eb dat\u00ebn 31 tetor, q\u00eb \u00ebsht\u00eb afati i fundit q\u00eb vendi t\u00eb largohet nga BE-ja. Johnson d\u00ebshiron q\u00eb Britania [&hellip;]<\/p>\n","protected":false},"author":2013,"featured_media":109442,"comment_status":"open","ping_status":"closed","sticky":false,"template":"","format":"standard","meta":{"footnotes":""},"categories":[241,191],"tags":[],"class_list":{"0":"post-109441","1":"post","2":"type-post","3":"status-publish","4":"format-standard","5":"has-post-thumbnail","7":"category-aktualitet","8":"category-bota"},"_links":{"self":[{"href":"https:\/\/zjarr.tv\/en\/wp-json\/wp\/v2\/posts\/109441","targetHints":{"allow":["GET"]}}],"collection":[{"href":"https:\/\/zjarr.tv\/en\/wp-json\/wp\/v2\/posts"}],"about":[{"href":"https:\/\/zjarr.tv\/en\/wp-json\/wp\/v2\/types\/post"}],"author":[{"embeddable":true,"href":"https:\/\/zjarr.tv\/en\/wp-json\/wp\/v2\/users\/2013"}],"replies":[{"embeddable":true,"href":"https:\/\/zjarr.tv\/en\/wp-json\/wp\/v2\/comments?post=109441"}],"version-history":[{"count":0,"href":"https:\/\/zjarr.tv\/en\/wp-json\/wp\/v2\/posts\/109441\/revisions"}],"wp:featuredmedia":[{"embeddable":true,"href":"https:\/\/zjarr.tv\/en\/wp-json\/wp\/v2\/media\/109442"}],"wp:attachment":[{"href":"https:\/\/zjarr.tv\/en\/wp-json\/wp\/v2\/media?parent=109441"}],"wp:term":[{"taxonomy":"category","embeddable":true,"href":"https:\/\/zjarr.tv\/en\/wp-json\/wp\/v2\/categories?post=109441"},{"taxonomy":"post_tag","embeddable":true,"href":"https:\/\/zjarr.tv\/en\/wp-json\/wp\/v2\/tags?post=109441"}],"curies":[{"name":"wp","href":"https:\/\/api.w.org\/{rel}","templated":true}]}}