{"id":109450,"date":"2019-09-29T19:50:44","date_gmt":"2019-09-29T17:50:44","guid":{"rendered":"https:\/\/zjarr.tv\/?p=109450"},"modified":"2019-09-29T17:58:09","modified_gmt":"2019-09-29T15:58:09","slug":"kuzhinieri-i-famshem-kapet-me-kanabis-ne-shtepi-po-provoja-shije-te-reja","status":"publish","type":"post","link":"https:\/\/zjarr.tv\/en\/kuzhinieri-i-famshem-kapet-me-kanabis-ne-shtepi-po-provoja-shije-te-reja\/","title":{"rendered":"Kuzhinieri i famsh\u00ebm kapet me kanabis n\u00eb sht\u00ebpi: &#8220;Po provoja shije t\u00eb reja&#8221;"},"content":{"rendered":"<p>Nj\u00eb kuzhinier i njohur si\u00e7ilian ka r\u00ebn\u00eb n\u00eb prangat e policis\u00eb italiane pasi n\u00eb sht\u00ebpi ju gjet\u00ebn dy bim\u00eb kanabisi 2 metra t\u00eb larta.<\/p>\n<p>Kuzhinieri Carmelo Chiaramonte e justifikoi pranin\u00eb e tyre duke th\u00ebn\u00eb se po k\u00ebrkonte &#8220;shije t\u00eb reja&#8221; p\u00ebr kuzhin\u00ebn bashk\u00ebkohore.<\/p>\n<p><em>&#8220;Oficer\u00ebt gjet\u00ebn dy bim\u00eb marijuan\u00eb dy met\u00ebr t\u00eb gjat\u00eb dhe 500 gram lule inflorescences indiane n\u00eb sht\u00ebpin\u00eb e kuzhinierit Carmelo Chiaramonte n\u00eb Trecastagni, nj\u00eb fshat rr\u00ebz\u00eb malit Etna.Ata gjet\u00ebn gjithashtu ver\u00eb me arom\u00eb kanabisi, ullinj, kafe dhe ton&#8221;, raportuan t\u00eb shtun\u00ebn mediat italiane.<\/em><\/p>\n<p>Kuzhinieri 50-vje\u00e7ar, i cili \u00ebsht\u00eb liruar n\u00eb pritje t\u00eb gjykimit, i tha policis\u00eb se ai ishte &#8220;k\u00ebshilltar agro-ushqimor p\u00ebr kuzhin\u00ebn e mij\u00ebvjecarit t\u00eb tret\u00eb&#8221;.<\/p>\n<p>Chiaramonte gjithashtu tha se \u00a0po &#8220;hulumtonte aromat e reja&#8221;.<\/p>\n<p>I famsh\u00ebm n\u00eb ishullin e tij t\u00eb lindjes, kuzhinieri ishte i njohur p\u00ebr kuzhin\u00ebn e tij n\u00eb restorantin Katane Palace Hotel n\u00eb Catania.<\/p>\n<p>Ai m\u00eb pas mori fam\u00eb n\u00eb nj\u00eb emision televiziv t\u00eb kuzhin\u00ebs italiane.<\/p>\n<p>Ai ka mbajtur shfaqje n\u00eb t\u00eb gjith\u00eb Italin\u00eb mbi &#8220;historin\u00eb e prodhimit dhe tradit\u00ebn e bujq\u00ebsis\u00eb si\u00e7iliane&#8221;, tha t\u00eb shtun\u00ebn e p\u00ebrditshmja rajonale La Sicilia.<\/p>\n<p>N\u00eb nj\u00ebr\u00ebn prej shfaqjeve t\u00eb quajtur &#8220;Receta Imorale dhe Ushqime Afrodiziak\u00eb&#8221;, gazeta citon at\u00eb t\u00eb ket\u00eb th\u00ebn\u00eb: &#8220;Nj\u00eb kuzhinier \u00ebsht\u00eb nj\u00eb narkoman dhe nj\u00eb alkimist&#8221;.<\/p>","protected":false},"excerpt":{"rendered":"<p>Nj\u00eb kuzhinier i njohur si\u00e7ilian ka r\u00ebn\u00eb n\u00eb prangat e policis\u00eb italiane pasi n\u00eb sht\u00ebpi ju gjet\u00ebn dy bim\u00eb kanabisi 2 metra t\u00eb larta. Kuzhinieri Carmelo Chiaramonte e justifikoi pranin\u00eb e tyre duke th\u00ebn\u00eb se po k\u00ebrkonte &#8220;shije t\u00eb reja&#8221; p\u00ebr kuzhin\u00ebn bashk\u00ebkohore. &#8220;Oficer\u00ebt gjet\u00ebn dy bim\u00eb marijuan\u00eb dy met\u00ebr t\u00eb gjat\u00eb dhe 500 gram [&hellip;]<\/p>\n","protected":false},"author":2013,"featured_media":0,"comment_status":"open","ping_status":"closed","sticky":false,"template":"","format":"standard","meta":{"footnotes":""},"categories":[241,191,194],"tags":[],"class_list":{"0":"post-109450","1":"post","2":"type-post","3":"status-publish","4":"format-standard","6":"category-aktualitet","7":"category-bota","8":"category-lifestyle"},"_links":{"self":[{"href":"https:\/\/zjarr.tv\/en\/wp-json\/wp\/v2\/posts\/109450","targetHints":{"allow":["GET"]}}],"collection":[{"href":"https:\/\/zjarr.tv\/en\/wp-json\/wp\/v2\/posts"}],"about":[{"href":"https:\/\/zjarr.tv\/en\/wp-json\/wp\/v2\/types\/post"}],"author":[{"embeddable":true,"href":"https:\/\/zjarr.tv\/en\/wp-json\/wp\/v2\/users\/2013"}],"replies":[{"embeddable":true,"href":"https:\/\/zjarr.tv\/en\/wp-json\/wp\/v2\/comments?post=109450"}],"version-history":[{"count":0,"href":"https:\/\/zjarr.tv\/en\/wp-json\/wp\/v2\/posts\/109450\/revisions"}],"wp:attachment":[{"href":"https:\/\/zjarr.tv\/en\/wp-json\/wp\/v2\/media?parent=109450"}],"wp:term":[{"taxonomy":"category","embeddable":true,"href":"https:\/\/zjarr.tv\/en\/wp-json\/wp\/v2\/categories?post=109450"},{"taxonomy":"post_tag","embeddable":true,"href":"https:\/\/zjarr.tv\/en\/wp-json\/wp\/v2\/tags?post=109450"}],"curies":[{"name":"wp","href":"https:\/\/api.w.org\/{rel}","templated":true}]}}