{"id":109479,"date":"2019-09-30T13:57:26","date_gmt":"2019-09-30T11:57:26","guid":{"rendered":"https:\/\/zjarr.tv\/?p=109479"},"modified":"2019-09-30T13:57:26","modified_gmt":"2019-09-30T11:57:26","slug":"dialog-gjitheperfshires-zbardhet-draft-rezoluta-e-kuvendit-per-negociatat-me-be-ne","status":"publish","type":"post","link":"https:\/\/zjarr.tv\/en\/dialog-gjitheperfshires-zbardhet-draft-rezoluta-e-kuvendit-per-negociatat-me-be-ne\/","title":{"rendered":"\u201cDialog gjith\u00ebp\u00ebrfshir\u00ebs\u201d Zbardhet draft rezoluta e Kuvendit p\u00ebr negociatat me BE-n\u00eb"},"content":{"rendered":"<p>Nj\u00eb projekt rezolut\u00eb me 10 pika, \u00ebsht\u00eb drafti i p\u00ebrgatitur nga Kuvendi,n\u00eb prag t\u00eb vendimit t\u00eb Bashkimit Europian p\u00ebr \u00e7eljen e negociatave me Shqip\u00ebrin\u00eb.<\/p>\n<div id=\"sovrn\" class=\"desktop_ad ad_bottom_space\"><ins><\/ins><\/p>\n<div id=\"onetag-wrapper-3\" class=\"sovrn-onetag-ad\"><\/div>\n<\/div>\n<p>Draft rezulouta, p\u00ebrmes s\u00eb cil\u00ebs k\u00ebrkohet dialog gjith\u00ebp\u00ebrfshir\u00ebs, mban firm\u00ebn e deputeteteve Senida Mesi dhe Rudina Hajdari.<\/p>\n<p><iframe loading=\"lazy\" src=\"https:\/\/balkanweb.com\/wp-content\/uploads\/2019\/09\/20190925152212projektrezoluta.pdf\" width=\"800\" height=\"680\" frameborder=\"0\" marginwidth=\"0\" marginheight=\"0\" scrolling=\"yes\" data-mce-fragment=\"1\"><\/iframe><\/p>\n<div class=\"desktop_ad\"><ins><\/p>\n<div id=\"beacon_6126c7902a\"><img loading=\"lazy\" decoding=\"async\" src=\"https:\/\/ads.balkanweb.com\/www\/delivery\/lg.php?bannerid=0&amp;campaignid=0&amp;zoneid=358&amp;loc=https%3A%2F%2Fbalkanweb.com%2Fdialog-gjitheperfshires-zbardhet-draft-rezoluta-e-kuvendit-per-negociatat-me-be-ne%2F&amp;referer=https%3A%2F%2Fbalkanweb.com%2Fkategoria%2Fshqiperia%2F&amp;cb=6126c7902a\" alt=\"\" width=\"0\" height=\"0\" \/><\/div>\n<p><\/ins><\/div>","protected":false},"excerpt":{"rendered":"<p>Nj\u00eb projekt rezolut\u00eb me 10 pika, \u00ebsht\u00eb drafti i p\u00ebrgatitur nga Kuvendi,n\u00eb prag t\u00eb vendimit t\u00eb Bashkimit Europian p\u00ebr \u00e7eljen e negociatave me Shqip\u00ebrin\u00eb. Draft rezulouta, p\u00ebrmes s\u00eb cil\u00ebs k\u00ebrkohet dialog gjith\u00ebp\u00ebrfshir\u00ebs, mban firm\u00ebn e deputeteteve Senida Mesi dhe Rudina Hajdari.<\/p>","protected":false},"author":2013,"featured_media":0,"comment_status":"open","ping_status":"closed","sticky":false,"template":"","format":"standard","meta":{"footnotes":""},"categories":[241,235],"tags":[],"class_list":{"0":"post-109479","1":"post","2":"type-post","3":"status-publish","4":"format-standard","6":"category-aktualitet","7":"category-vendi"},"_links":{"self":[{"href":"https:\/\/zjarr.tv\/en\/wp-json\/wp\/v2\/posts\/109479","targetHints":{"allow":["GET"]}}],"collection":[{"href":"https:\/\/zjarr.tv\/en\/wp-json\/wp\/v2\/posts"}],"about":[{"href":"https:\/\/zjarr.tv\/en\/wp-json\/wp\/v2\/types\/post"}],"author":[{"embeddable":true,"href":"https:\/\/zjarr.tv\/en\/wp-json\/wp\/v2\/users\/2013"}],"replies":[{"embeddable":true,"href":"https:\/\/zjarr.tv\/en\/wp-json\/wp\/v2\/comments?post=109479"}],"version-history":[{"count":0,"href":"https:\/\/zjarr.tv\/en\/wp-json\/wp\/v2\/posts\/109479\/revisions"}],"wp:attachment":[{"href":"https:\/\/zjarr.tv\/en\/wp-json\/wp\/v2\/media?parent=109479"}],"wp:term":[{"taxonomy":"category","embeddable":true,"href":"https:\/\/zjarr.tv\/en\/wp-json\/wp\/v2\/categories?post=109479"},{"taxonomy":"post_tag","embeddable":true,"href":"https:\/\/zjarr.tv\/en\/wp-json\/wp\/v2\/tags?post=109479"}],"curies":[{"name":"wp","href":"https:\/\/api.w.org\/{rel}","templated":true}]}}