{"id":109485,"date":"2019-09-30T14:00:03","date_gmt":"2019-09-30T12:00:03","guid":{"rendered":"https:\/\/zjarr.tv\/?p=109485"},"modified":"2019-09-30T14:00:03","modified_gmt":"2019-09-30T12:00:03","slug":"pagesat-per-hotelet-mazniku-ne-prokurori-per-te-treguar-te-verteten","status":"publish","type":"post","link":"https:\/\/zjarr.tv\/en\/pagesat-per-hotelet-mazniku-ne-prokurori-per-te-treguar-te-verteten\/","title":{"rendered":"Pagesat p\u00ebr hotelet, Mazniku: N\u00eb prokurori p\u00ebr t\u00eb treguar t\u00eb v\u00ebrtet\u00ebn"},"content":{"rendered":"<p>P\u00ebr m\u00eb shum\u00eb se 90 minuta n\u00ebnkryetari i Bashkis\u00eb s\u00eb Tiran\u00ebs, Arbjan Mazniku ka d\u00ebshmuar n\u00eb Prokurorin\u00eb e Tiran\u00ebs p\u00ebr akuzat e PD, \u00a0e cila pretendon se numri dy i bashkis\u00eb \u00ebsht\u00eb akomoduar n\u00eb nj\u00eb hotel me 900 euro nata n\u00eb Spanj\u00eb.<\/p>\n<p>N\u00eb p\u00ebrfundim t\u00eb marrjes n\u00eb pyetje, ai ka deklaruar p\u00ebr mediat se i vjen mir\u00eb q\u00eb shkoi n\u00eb prokurori p\u00ebr t\u00eb treguar t\u00eb v\u00ebrtet\u00ebn.<\/p>\n<p>Mazniku nuk pranoi t\u00eb b\u00ebj\u00eb komente, por tha se e v\u00ebrteta do t\u00eb dal\u00eb nga Prokuroria.<\/p>\n<p>N\u00eb fillim t\u00eb muajit shtator selia blu hodhi akuza n\u00eb drejtim t\u00eb Maznikut dhe n\u00eb lidhje me k\u00ebt\u00eb organi i \u00a0akuz\u00ebs nisi hetimet.<\/p>","protected":false},"excerpt":{"rendered":"<p>P\u00ebr m\u00eb shum\u00eb se 90 minuta n\u00ebnkryetari i Bashkis\u00eb s\u00eb Tiran\u00ebs, Arbjan Mazniku ka d\u00ebshmuar n\u00eb Prokurorin\u00eb e Tiran\u00ebs p\u00ebr akuzat e PD, \u00a0e cila pretendon se numri dy i bashkis\u00eb \u00ebsht\u00eb akomoduar n\u00eb nj\u00eb hotel me 900 euro nata n\u00eb Spanj\u00eb. N\u00eb p\u00ebrfundim t\u00eb marrjes n\u00eb pyetje, ai ka deklaruar p\u00ebr mediat se i [&hellip;]<\/p>\n","protected":false},"author":2013,"featured_media":0,"comment_status":"open","ping_status":"closed","sticky":false,"template":"","format":"standard","meta":{"footnotes":""},"categories":[241,235],"tags":[],"class_list":{"0":"post-109485","1":"post","2":"type-post","3":"status-publish","4":"format-standard","6":"category-aktualitet","7":"category-vendi"},"_links":{"self":[{"href":"https:\/\/zjarr.tv\/en\/wp-json\/wp\/v2\/posts\/109485","targetHints":{"allow":["GET"]}}],"collection":[{"href":"https:\/\/zjarr.tv\/en\/wp-json\/wp\/v2\/posts"}],"about":[{"href":"https:\/\/zjarr.tv\/en\/wp-json\/wp\/v2\/types\/post"}],"author":[{"embeddable":true,"href":"https:\/\/zjarr.tv\/en\/wp-json\/wp\/v2\/users\/2013"}],"replies":[{"embeddable":true,"href":"https:\/\/zjarr.tv\/en\/wp-json\/wp\/v2\/comments?post=109485"}],"version-history":[{"count":0,"href":"https:\/\/zjarr.tv\/en\/wp-json\/wp\/v2\/posts\/109485\/revisions"}],"wp:attachment":[{"href":"https:\/\/zjarr.tv\/en\/wp-json\/wp\/v2\/media?parent=109485"}],"wp:term":[{"taxonomy":"category","embeddable":true,"href":"https:\/\/zjarr.tv\/en\/wp-json\/wp\/v2\/categories?post=109485"},{"taxonomy":"post_tag","embeddable":true,"href":"https:\/\/zjarr.tv\/en\/wp-json\/wp\/v2\/tags?post=109485"}],"curies":[{"name":"wp","href":"https:\/\/api.w.org\/{rel}","templated":true}]}}