{"id":109489,"date":"2019-09-30T14:01:21","date_gmt":"2019-09-30T12:01:21","guid":{"rendered":"https:\/\/zjarr.tv\/?p=109489"},"modified":"2019-09-30T14:01:21","modified_gmt":"2019-09-30T12:01:21","slug":"banoret-e-floqit-ne-protesta-paralajmerojne-se-do-te-futen-ne-greve-urie","status":"publish","type":"post","link":"https:\/\/zjarr.tv\/en\/banoret-e-floqit-ne-protesta-paralajmerojne-se-do-te-futen-ne-greve-urie\/","title":{"rendered":"Banor\u00ebt e Floqit n\u00eb protesta, paralajm\u00ebrojn\u00eb se do t\u00eb futen n\u00eb grev\u00eb urie"},"content":{"rendered":"<p>Banor\u00ebt e Floqit n\u00eb Kor\u00e7\u00eb kan\u00eb dal\u00eb sot n\u00eb protest\u00eb duket k\u00ebrkuar vler\u00ebsim t\u00eb drejt\u00eb t\u00eb d\u00ebmeve t\u00eb shkaktuar nga t\u00ebrmeti i 1 qershorit.<\/p>\n<p>10 familje t\u00eb fshatit Floq kan\u00eb protestuar p\u00ebr vler\u00ebsimin e sht\u00ebpive, sipas tyre t\u00eb padrejt\u00eb.<\/p>\n<p>Vlera e p\u00ebrcaktuar deklarojn\u00eb banor\u00ebt nuk \u00ebsht\u00eb e mjaftueshme p\u00ebr riparimin e d\u00ebmeve duke k\u00ebrkuar edhe nj\u00ebher\u00eb nd\u00ebrhyrje nga shteti p\u00ebr nj\u00eb vler\u00ebsim t\u00eb dyt\u00eb.<\/p>\n<p>Banor\u00ebt kan\u00eb pezulluar punimet n\u00eb sht\u00ebpit\u00eb e tyre, pasi p\u00ebr ta ky vler\u00ebsim \u00ebsht\u00eb qesharak. N\u00eb t\u00eb kund\u00ebrt ata do t\u00eb futen n\u00eb grev\u00eb para prefektur\u00ebs.<\/p>","protected":false},"excerpt":{"rendered":"<p>Banor\u00ebt e Floqit n\u00eb Kor\u00e7\u00eb kan\u00eb dal\u00eb sot n\u00eb protest\u00eb duket k\u00ebrkuar vler\u00ebsim t\u00eb drejt\u00eb t\u00eb d\u00ebmeve t\u00eb shkaktuar nga t\u00ebrmeti i 1 qershorit. 10 familje t\u00eb fshatit Floq kan\u00eb protestuar p\u00ebr vler\u00ebsimin e sht\u00ebpive, sipas tyre t\u00eb padrejt\u00eb. Vlera e p\u00ebrcaktuar deklarojn\u00eb banor\u00ebt nuk \u00ebsht\u00eb e mjaftueshme p\u00ebr riparimin e d\u00ebmeve duke k\u00ebrkuar edhe [&hellip;]<\/p>\n","protected":false},"author":2013,"featured_media":0,"comment_status":"open","ping_status":"closed","sticky":false,"template":"","format":"standard","meta":{"footnotes":""},"categories":[241,235],"tags":[],"class_list":{"0":"post-109489","1":"post","2":"type-post","3":"status-publish","4":"format-standard","6":"category-aktualitet","7":"category-vendi"},"_links":{"self":[{"href":"https:\/\/zjarr.tv\/en\/wp-json\/wp\/v2\/posts\/109489","targetHints":{"allow":["GET"]}}],"collection":[{"href":"https:\/\/zjarr.tv\/en\/wp-json\/wp\/v2\/posts"}],"about":[{"href":"https:\/\/zjarr.tv\/en\/wp-json\/wp\/v2\/types\/post"}],"author":[{"embeddable":true,"href":"https:\/\/zjarr.tv\/en\/wp-json\/wp\/v2\/users\/2013"}],"replies":[{"embeddable":true,"href":"https:\/\/zjarr.tv\/en\/wp-json\/wp\/v2\/comments?post=109489"}],"version-history":[{"count":0,"href":"https:\/\/zjarr.tv\/en\/wp-json\/wp\/v2\/posts\/109489\/revisions"}],"wp:attachment":[{"href":"https:\/\/zjarr.tv\/en\/wp-json\/wp\/v2\/media?parent=109489"}],"wp:term":[{"taxonomy":"category","embeddable":true,"href":"https:\/\/zjarr.tv\/en\/wp-json\/wp\/v2\/categories?post=109489"},{"taxonomy":"post_tag","embeddable":true,"href":"https:\/\/zjarr.tv\/en\/wp-json\/wp\/v2\/tags?post=109489"}],"curies":[{"name":"wp","href":"https:\/\/api.w.org\/{rel}","templated":true}]}}