{"id":109502,"date":"2019-09-30T14:52:30","date_gmt":"2019-09-30T12:52:30","guid":{"rendered":"https:\/\/zjarr.tv\/?p=109502"},"modified":"2019-09-30T14:52:30","modified_gmt":"2019-09-30T12:52:30","slug":"pd-cupi-erion-veliaj-ka-mashtruar-per-parate-e-udhetimit-ne-barcelone-te-merret-nen-hetim","status":"publish","type":"post","link":"https:\/\/zjarr.tv\/en\/pd-cupi-erion-veliaj-ka-mashtruar-per-parate-e-udhetimit-ne-barcelone-te-merret-nen-hetim\/","title":{"rendered":"PD, \u00c7upi: Erion Veliaj ka mashtruar p\u00ebr parat\u00eb e udh\u00ebtimit n\u00eb Barcelon\u00eb, t\u00eb merret n\u00ebn hetim"},"content":{"rendered":"<p>Partia Demokratike ka akuzuar kryetarin e Bashkis\u00eb Tiran\u00eb se ka mashtruar p\u00ebr parat\u00eb e udh\u00ebtimit n\u00eb Barcelon\u00eb. Ish-deputetja Dhurata \u00c7upi ka dal\u00eb para mediave sot duke deklaruar se dokumenti i Agjencis\u00eb s\u00eb Prokurimit Publik provon se Bashkia e Tiran\u00ebs ka shpenzuar mbi 9 milion\u00eb lek\u00eb p\u00ebr udh\u00ebtimin n\u00eb Barcelon\u00eb, ku ka marr\u00eb pjes\u00eb jo vet\u00ebm n\u00ebnkryetari n\u00eb hetim i Bashkis\u00eb s\u00eb Tiran\u00ebs, por edhe Kryetari Erion Veliaj. Ajo tha se Kryetari i Bashkis\u00eb s\u00eb Tiran\u00ebs, Erion Veliaj duhet t\u00eb merret gjithashtu n\u00ebn hetim.<\/p>\n<p>DEKLARATA E PLOT\u00cb<br \/>\nN\u00ebn drejtimin e Erion Veliajt, Bashkia e Tiran\u00ebs \u00ebsht\u00eb shnd\u00ebrruar n\u00eb sh\u00ebrb\u00ebtore t\u00eb oligark\u00ebve, kund\u00ebr interesit publik. Bashk\u00eb me ta, ajo grabit \u00e7do pasuri t\u00eb qytetit, zhduk lulishtet e gjelb\u00ebruara p\u00ebr t\u00eb ngritur p\u00ebrbind\u00ebshat e betonit. Bashk\u00eb me ta dhe p\u00ebr ta, shp\u00ebrdoron miliona euro nga taksat q\u00eb Erion Veliaj ka rritur p\u00ebr familjet dhe bizneset e Tiran\u00ebs.<\/p>\n<p>P\u00ebrfitimi nga grabitja e p\u00ebrbashk\u00ebt e kryeqytetit \u00ebsht\u00eb konkretizuar shum\u00eb qart\u00eb p\u00ebr qytetar\u00ebt e e Tiran\u00ebs n\u00eb rastin e kompanis\u00eb Fusha, pronari i t\u00eb cil\u00ebs i ka paguar n\u00ebnkryetarit t\u00eb Bashkis\u00eb me kart\u00ebn e vet t\u00eb kreditit 907 euro nat\u00ebn n\u00eb nj\u00eb hotel n\u00eb Barcelon\u00eb.<\/p>\n<p>Afera e paligjshme dhe korruptive \u00ebsht\u00eb duke u hetuar pas denoncimit t\u00eb Partis\u00eb Demokratike, por hetimet nuk jan\u00eb t\u00eb plota.<br \/>\nKryetari i Bashkis\u00eb s\u00eb Tiran\u00ebs, Erion Veliaj duhet t\u00eb merret gjithashtu n\u00ebn hetim. Partia Demokratike ka zbuluar fakte zyrtare q\u00eb provojn\u00eb se Bashkia e Tiran\u00ebs ka mashtruar opinionin publik p\u00ebr parat\u00eb q\u00eb u p\u00ebrdor\u00ebn n\u00eb udh\u00ebtimin e Brcelon\u00ebs.<\/p>\n<p>Pas zbulimit t\u00eb skandalit p\u00ebr pages\u00ebn 1816 euro me kart\u00ebn e kreditit t\u00eb pronarit t\u00eb kompanis\u00eb Fusha, Bashkia e Tiran\u00ebs deklaroi p\u00ebr Z\u00ebrin e Amerik\u00ebs se \u201cnuk ka shpenzuar fonde t\u00eb Bashkis\u00eb p\u00ebr udh\u00ebtimin n\u00eb Barcelon\u00eb\u201d.<\/p>\n<p>E v\u00ebrteta \u00ebsht\u00eb krejt tjet\u00ebr. Dokumenti i Agjencis\u00eb s\u00eb Prokurimit Publik provon se Bashkia e Tiran\u00ebs ka shpenzuar mbi 9 milion\u00eb lek\u00eb p\u00ebr udh\u00ebtimin n\u00eb Barcelon\u00eb, ku ka marr\u00eb pjes\u00eb jo vet\u00ebm n\u00ebnkryetari n\u00eb hetim i Bashkis\u00eb s\u00eb Tiran\u00ebs, por edhe Kryetari Erion Veliaj.<\/p>\n<p>N\u00eb reagimin p\u00ebr Z\u00ebrin e Amerik\u00ebs, p\u00ebr t\u00eb justifikuar pages\u00ebn prej 1816 euro t\u00eb hotelit t\u00eb Maznikut prej kompanis\u00eb Fusha, Bashkia deklaroi se t\u00eb gjitha shpenzimet e udh\u00ebtimit i pagoi kjo kompani q\u00eb nd\u00ebrtoi sheshin Sk\u00ebnd\u00ebrbej.<\/p>\n<p>Dokumenti i Agjencis\u00eb s\u00eb Prokurimit Publik \u00ebsht\u00eb nj\u00eb prov\u00eb e mashtrimit flagrant q\u00eb Erion Veliaj u ka b\u00ebr\u00eb qytetar\u00ebve t\u00eb Tiran\u00ebs, duke i g\u00ebnjyer ata dhe median p\u00ebr udh\u00ebtimin luksoz dy ditor n\u00eb Barcelon\u00eb.<\/p>\n<p>Duke mashtruar p\u00ebr t\u00eb mbuluar shkeljen e ligjit nga Mazniku dhe Fusha, i cili ka marr\u00eb 110 milion\u00eb euro me tendera publik\u00eb, Erion Veliaj \u00ebsht\u00eb zbuluar si nj\u00eb sh\u00ebrb\u00ebtor i oligark\u00ebve, q\u00eb punon p\u00ebr interesin e tyre dhe jo t\u00eb qytetar\u00ebve.<\/p>","protected":false},"excerpt":{"rendered":"<p>Partia Demokratike ka akuzuar kryetarin e Bashkis\u00eb Tiran\u00eb se ka mashtruar p\u00ebr parat\u00eb e udh\u00ebtimit n\u00eb Barcelon\u00eb. Ish-deputetja Dhurata \u00c7upi ka dal\u00eb para mediave sot duke deklaruar se dokumenti i Agjencis\u00eb s\u00eb Prokurimit Publik provon se Bashkia e Tiran\u00ebs ka shpenzuar mbi 9 milion\u00eb lek\u00eb p\u00ebr udh\u00ebtimin n\u00eb Barcelon\u00eb, ku ka marr\u00eb pjes\u00eb jo vet\u00ebm [&hellip;]<\/p>\n","protected":false},"author":2013,"featured_media":51331,"comment_status":"open","ping_status":"closed","sticky":false,"template":"","format":"standard","meta":{"footnotes":""},"categories":[241,235],"tags":[],"class_list":{"0":"post-109502","1":"post","2":"type-post","3":"status-publish","4":"format-standard","5":"has-post-thumbnail","7":"category-aktualitet","8":"category-vendi"},"_links":{"self":[{"href":"https:\/\/zjarr.tv\/en\/wp-json\/wp\/v2\/posts\/109502","targetHints":{"allow":["GET"]}}],"collection":[{"href":"https:\/\/zjarr.tv\/en\/wp-json\/wp\/v2\/posts"}],"about":[{"href":"https:\/\/zjarr.tv\/en\/wp-json\/wp\/v2\/types\/post"}],"author":[{"embeddable":true,"href":"https:\/\/zjarr.tv\/en\/wp-json\/wp\/v2\/users\/2013"}],"replies":[{"embeddable":true,"href":"https:\/\/zjarr.tv\/en\/wp-json\/wp\/v2\/comments?post=109502"}],"version-history":[{"count":0,"href":"https:\/\/zjarr.tv\/en\/wp-json\/wp\/v2\/posts\/109502\/revisions"}],"wp:featuredmedia":[{"embeddable":true,"href":"https:\/\/zjarr.tv\/en\/wp-json\/wp\/v2\/media\/51331"}],"wp:attachment":[{"href":"https:\/\/zjarr.tv\/en\/wp-json\/wp\/v2\/media?parent=109502"}],"wp:term":[{"taxonomy":"category","embeddable":true,"href":"https:\/\/zjarr.tv\/en\/wp-json\/wp\/v2\/categories?post=109502"},{"taxonomy":"post_tag","embeddable":true,"href":"https:\/\/zjarr.tv\/en\/wp-json\/wp\/v2\/tags?post=109502"}],"curies":[{"name":"wp","href":"https:\/\/api.w.org\/{rel}","templated":true}]}}