{"id":109507,"date":"2019-09-30T15:53:43","date_gmt":"2019-09-30T13:53:43","guid":{"rendered":"https:\/\/zjarr.tv\/?p=109507"},"modified":"2019-09-30T15:53:43","modified_gmt":"2019-09-30T13:53:43","slug":"acari-mberthen-shba-trashesia-e-debores-arrin-ne-120-cm-mbyllen-autostradat","status":"publish","type":"post","link":"https:\/\/zjarr.tv\/en\/acari-mberthen-shba-trashesia-e-debores-arrin-ne-120-cm-mbyllen-autostradat\/","title":{"rendered":"Acari \u201cmb\u00ebrthen\u201d SHBA, trash\u00ebsia e d\u00ebbor\u00ebs arrin n\u00eb 120 cm, mbyllen autostradat"},"content":{"rendered":"<p>Edhe pse stina e dimrit nuk ka trokitur zyrtarisht, n\u00eb nj\u00eb pjes\u00eb t\u00eb Amerik\u00ebs Per\u00ebndimore duket sikur \u00ebsht\u00eb mesi i dimrit. Ulja e temperaturave \u00ebsht\u00eb shoq\u00ebruar me reshje t\u00eb dendura d\u00ebbore, nd\u00ebrsa autoritetet kan\u00eb mbyllur qarkullimin n\u00eb disa autostrada.<\/p>\n<p>Sipas mediave amerikane, trash\u00ebsia e d\u00ebbor\u00ebs arrin n\u00eb 120 cm. N\u00eb zon\u00ebn e Montan\u00ebs u shpall gjendja e jasht\u00ebzakonshme, ku termometri sh\u00ebnoi temperaturat -6.6 grad\u00eb celcius, nj\u00eb vler\u00eb kjo rekord sa i takon muajit shtator. Reshje t\u00eb dendura d\u00ebbore pati edhe Kaliforni, Nevada, Oregon dhe Idaho. Kjo situat\u00eb n\u00eb syrin e ekspert\u00ebve nuk \u00ebsht\u00eb e jasht\u00ebzakonshme, por surpriza kryesore lidhet me sasin\u00eb e reshjeve.<\/p>\n<p>Autoritet kan\u00eb b\u00ebr\u00eb thirrje p\u00ebr kujdes t\u00eb shtuar n\u00eb zonat ku prezenca e d\u00ebbor\u00ebs \u00ebsht\u00eb shum\u00eb e madhe.<\/p>","protected":false},"excerpt":{"rendered":"<p>Edhe pse stina e dimrit nuk ka trokitur zyrtarisht, n\u00eb nj\u00eb pjes\u00eb t\u00eb Amerik\u00ebs Per\u00ebndimore duket sikur \u00ebsht\u00eb mesi i dimrit. Ulja e temperaturave \u00ebsht\u00eb shoq\u00ebruar me reshje t\u00eb dendura d\u00ebbore, nd\u00ebrsa autoritetet kan\u00eb mbyllur qarkullimin n\u00eb disa autostrada. Sipas mediave amerikane, trash\u00ebsia e d\u00ebbor\u00ebs arrin n\u00eb 120 cm. N\u00eb zon\u00ebn e Montan\u00ebs u shpall [&hellip;]<\/p>\n","protected":false},"author":2013,"featured_media":0,"comment_status":"open","ping_status":"closed","sticky":false,"template":"","format":"standard","meta":{"footnotes":""},"categories":[241,191],"tags":[],"class_list":{"0":"post-109507","1":"post","2":"type-post","3":"status-publish","4":"format-standard","6":"category-aktualitet","7":"category-bota"},"_links":{"self":[{"href":"https:\/\/zjarr.tv\/en\/wp-json\/wp\/v2\/posts\/109507","targetHints":{"allow":["GET"]}}],"collection":[{"href":"https:\/\/zjarr.tv\/en\/wp-json\/wp\/v2\/posts"}],"about":[{"href":"https:\/\/zjarr.tv\/en\/wp-json\/wp\/v2\/types\/post"}],"author":[{"embeddable":true,"href":"https:\/\/zjarr.tv\/en\/wp-json\/wp\/v2\/users\/2013"}],"replies":[{"embeddable":true,"href":"https:\/\/zjarr.tv\/en\/wp-json\/wp\/v2\/comments?post=109507"}],"version-history":[{"count":0,"href":"https:\/\/zjarr.tv\/en\/wp-json\/wp\/v2\/posts\/109507\/revisions"}],"wp:attachment":[{"href":"https:\/\/zjarr.tv\/en\/wp-json\/wp\/v2\/media?parent=109507"}],"wp:term":[{"taxonomy":"category","embeddable":true,"href":"https:\/\/zjarr.tv\/en\/wp-json\/wp\/v2\/categories?post=109507"},{"taxonomy":"post_tag","embeddable":true,"href":"https:\/\/zjarr.tv\/en\/wp-json\/wp\/v2\/tags?post=109507"}],"curies":[{"name":"wp","href":"https:\/\/api.w.org\/{rel}","templated":true}]}}