{"id":109516,"date":"2019-09-30T16:24:05","date_gmt":"2019-09-30T14:24:05","guid":{"rendered":"https:\/\/zjarr.tv\/?p=109516"},"modified":"2019-09-30T16:24:05","modified_gmt":"2019-09-30T14:24:05","slug":"tirana-serish-pa-drita-oshee-tregon-zonat-qe-preken-nga-punimet-ne-rrjet","status":"publish","type":"post","link":"https:\/\/zjarr.tv\/en\/tirana-serish-pa-drita-oshee-tregon-zonat-qe-preken-nga-punimet-ne-rrjet\/","title":{"rendered":"Tirana s\u00ebrish pa drita, OSHEE tregon zonat q\u00eb preken nga punimet n\u00eb rrjet"},"content":{"rendered":"<p>Disa zona t\u00eb kryeqytetit nuk do t\u00eb ken\u00eb furnizim me energji elektrike gjat\u00eb dit\u00ebs s\u00eb nes\u00ebrme.<\/p>\n<p>Operatori i Shp\u00ebrndarjes s\u00eb Energjis\u00eb Elektrike (OSHEE) ka b\u00ebr\u00eb t\u00eb ditur p\u00ebrmes nj\u00eb njoftimi p\u00ebr mediat se nes\u00ebr, m\u00eb dat\u00eb 16 gusht, n\u00eb disa zona t\u00eb kryeqytetit do t\u00eb ket\u00eb nd\u00ebrprerje t\u00eb energjis\u00eb, p\u00ebrgjat\u00eb orareve t\u00eb ndryshme.<\/p>\n<p>OSHEE shpjegon se shkak i mosfurnizimit me energji \u00ebsht\u00eb rikonstruksioni i disa kabinave.<\/p>\n<p><strong>Njoftimi i OSHEE-s\u00eb:<\/strong><\/p>\n<p>P\u00ebr shkak t\u00eb punimeve q\u00eb po kryhen p\u00ebr rikonstruksionin e kabinave, nes\u00ebr n\u00eb dat\u00ebn 1 tetor do t\u00eb stakohet energjia\u00a0<img decoding=\"async\" class=\"emoji\" draggable=\"false\" src=\"https:\/\/s.w.org\/images\/core\/emoji\/12.0.0-1\/svg\/26a1.svg\" alt=\"\u26a1\ufe0f\" \/>\u00a0n\u00eb disa zona n\u00eb kryeqytet<img decoding=\"async\" class=\"emoji\" draggable=\"false\" src=\"https:\/\/s.w.org\/images\/core\/emoji\/12.0.0-1\/svg\/1f447.svg\" alt=\"\ud83d\udc47\" \/><\/p>\n<p>09:00-14:00<\/p>\n<p>rruga \u201cSami Frasheri\u201d, \u201crruga Brigada VIII\u201c, tek Pallatet Agimi, rruga Muhedin Llagani, rruga Sali Butka, prane parkut te Ministrise se Rendit<\/p>\n<p>09:00-12:00<\/p>\n<p>rruga Nikolla Tupe pjeserisht, rruga Sami Frasheri pjeserisht, prane Sheshit Uillson<\/p>\n<p>11:00-13:00<\/p>\n<p>rruga Nikolla Tupe pjeserisht, rruga Deshmoret e 4 SHkurtit pjeserisht.<\/p>\n<p>14:00-16:00<\/p>\n<p>rruga Nikolla Tupe pjeserisht, rruga Vaso Pasha pjeserisht<\/p>\n<p>10:00-12:00<\/p>\n<p>rruga Brigada VIII pjeserisht, rruga Deshmoret e 4 SHkurtit pjeserisht, tek Pallatet Agimi<\/p>","protected":false},"excerpt":{"rendered":"<p>Disa zona t\u00eb kryeqytetit nuk do t\u00eb ken\u00eb furnizim me energji elektrike gjat\u00eb dit\u00ebs s\u00eb nes\u00ebrme. Operatori i Shp\u00ebrndarjes s\u00eb Energjis\u00eb Elektrike (OSHEE) ka b\u00ebr\u00eb t\u00eb ditur p\u00ebrmes nj\u00eb njoftimi p\u00ebr mediat se nes\u00ebr, m\u00eb dat\u00eb 16 gusht, n\u00eb disa zona t\u00eb kryeqytetit do t\u00eb ket\u00eb nd\u00ebrprerje t\u00eb energjis\u00eb, p\u00ebrgjat\u00eb orareve t\u00eb ndryshme. OSHEE shpjegon [&hellip;]<\/p>\n","protected":false},"author":2013,"featured_media":53743,"comment_status":"open","ping_status":"closed","sticky":false,"template":"","format":"standard","meta":{"footnotes":""},"categories":[241,235],"tags":[],"class_list":{"0":"post-109516","1":"post","2":"type-post","3":"status-publish","4":"format-standard","5":"has-post-thumbnail","7":"category-aktualitet","8":"category-vendi"},"_links":{"self":[{"href":"https:\/\/zjarr.tv\/en\/wp-json\/wp\/v2\/posts\/109516","targetHints":{"allow":["GET"]}}],"collection":[{"href":"https:\/\/zjarr.tv\/en\/wp-json\/wp\/v2\/posts"}],"about":[{"href":"https:\/\/zjarr.tv\/en\/wp-json\/wp\/v2\/types\/post"}],"author":[{"embeddable":true,"href":"https:\/\/zjarr.tv\/en\/wp-json\/wp\/v2\/users\/2013"}],"replies":[{"embeddable":true,"href":"https:\/\/zjarr.tv\/en\/wp-json\/wp\/v2\/comments?post=109516"}],"version-history":[{"count":0,"href":"https:\/\/zjarr.tv\/en\/wp-json\/wp\/v2\/posts\/109516\/revisions"}],"wp:featuredmedia":[{"embeddable":true,"href":"https:\/\/zjarr.tv\/en\/wp-json\/wp\/v2\/media\/53743"}],"wp:attachment":[{"href":"https:\/\/zjarr.tv\/en\/wp-json\/wp\/v2\/media?parent=109516"}],"wp:term":[{"taxonomy":"category","embeddable":true,"href":"https:\/\/zjarr.tv\/en\/wp-json\/wp\/v2\/categories?post=109516"},{"taxonomy":"post_tag","embeddable":true,"href":"https:\/\/zjarr.tv\/en\/wp-json\/wp\/v2\/tags?post=109516"}],"curies":[{"name":"wp","href":"https:\/\/api.w.org\/{rel}","templated":true}]}}