{"id":109723,"date":"2019-10-03T14:46:50","date_gmt":"2019-10-03T12:46:50","guid":{"rendered":"https:\/\/zjarr.tv\/?p=109723"},"modified":"2019-10-03T14:46:50","modified_gmt":"2019-10-03T12:46:50","slug":"rute-maqedonia-e-veriut-ka-arritur-me-shume-se-shqiperia","status":"publish","type":"post","link":"https:\/\/zjarr.tv\/en\/rute-maqedonia-e-veriut-ka-arritur-me-shume-se-shqiperia\/","title":{"rendered":"Rute: Maqedonia e Veriut ka arritur m\u00eb shum\u00eb se Shqip\u00ebria"},"content":{"rendered":"<p>Holanda \u00ebsht\u00eb m\u00eb pak e shqet\u00ebsuar p\u00ebr Maqedonin\u00eb e Veriut, nd\u00ebrsa m\u00eb shum\u00eb p\u00ebr Shqip\u00ebrin\u00eb lidhur me vendimin p\u00ebr p\u00ebrcaktimin e dat\u00ebs p\u00ebr fillimin e negociatave me BE n\u00eb k\u00ebt\u00eb vjesht\u00eb, deklaroi kryeministri holandez Mark Rute.<\/p>\n<p>Ai mbr\u00ebm\u00eb n\u00eb Berlin \u00ebsht\u00eb takuar me kancelaren gjermane Angela Merkel, por sipas protokollit nga takimi, zgjerimi i BE-s\u00eb nuk ka qen\u00eb n\u00eb axhend\u00eb.<\/p>","protected":false},"excerpt":{"rendered":"<p>Holanda \u00ebsht\u00eb m\u00eb pak e shqet\u00ebsuar p\u00ebr Maqedonin\u00eb e Veriut, nd\u00ebrsa m\u00eb shum\u00eb p\u00ebr Shqip\u00ebrin\u00eb lidhur me vendimin p\u00ebr p\u00ebrcaktimin e dat\u00ebs p\u00ebr fillimin e negociatave me BE n\u00eb k\u00ebt\u00eb vjesht\u00eb, deklaroi kryeministri holandez Mark Rute. Ai mbr\u00ebm\u00eb n\u00eb Berlin \u00ebsht\u00eb takuar me kancelaren gjermane Angela Merkel, por sipas protokollit nga takimi, zgjerimi i BE-s\u00eb [&hellip;]<\/p>\n","protected":false},"author":2013,"featured_media":109724,"comment_status":"open","ping_status":"closed","sticky":false,"template":"","format":"standard","meta":{"footnotes":""},"categories":[241,235],"tags":[],"class_list":{"0":"post-109723","1":"post","2":"type-post","3":"status-publish","4":"format-standard","5":"has-post-thumbnail","7":"category-aktualitet","8":"category-vendi"},"_links":{"self":[{"href":"https:\/\/zjarr.tv\/en\/wp-json\/wp\/v2\/posts\/109723","targetHints":{"allow":["GET"]}}],"collection":[{"href":"https:\/\/zjarr.tv\/en\/wp-json\/wp\/v2\/posts"}],"about":[{"href":"https:\/\/zjarr.tv\/en\/wp-json\/wp\/v2\/types\/post"}],"author":[{"embeddable":true,"href":"https:\/\/zjarr.tv\/en\/wp-json\/wp\/v2\/users\/2013"}],"replies":[{"embeddable":true,"href":"https:\/\/zjarr.tv\/en\/wp-json\/wp\/v2\/comments?post=109723"}],"version-history":[{"count":0,"href":"https:\/\/zjarr.tv\/en\/wp-json\/wp\/v2\/posts\/109723\/revisions"}],"wp:featuredmedia":[{"embeddable":true,"href":"https:\/\/zjarr.tv\/en\/wp-json\/wp\/v2\/media\/109724"}],"wp:attachment":[{"href":"https:\/\/zjarr.tv\/en\/wp-json\/wp\/v2\/media?parent=109723"}],"wp:term":[{"taxonomy":"category","embeddable":true,"href":"https:\/\/zjarr.tv\/en\/wp-json\/wp\/v2\/categories?post=109723"},{"taxonomy":"post_tag","embeddable":true,"href":"https:\/\/zjarr.tv\/en\/wp-json\/wp\/v2\/tags?post=109723"}],"curies":[{"name":"wp","href":"https:\/\/api.w.org\/{rel}","templated":true}]}}