{"id":109726,"date":"2019-10-03T14:47:26","date_gmt":"2019-10-03T12:47:26","guid":{"rendered":"https:\/\/zjarr.tv\/?p=109726"},"modified":"2019-10-03T14:47:26","modified_gmt":"2019-10-03T12:47:26","slug":"air-albania-pa-licence-per-fluturimet-ne-be-turkish-airlines-pergjegjese-financiare-dhe-ligjore","status":"publish","type":"post","link":"https:\/\/zjarr.tv\/en\/air-albania-pa-licence-per-fluturimet-ne-be-turkish-airlines-pergjegjese-financiare-dhe-ligjore\/","title":{"rendered":"Air Albania pa licenc\u00eb p\u00ebr fluturimet n\u00eb BE, Turkish Airlines p\u00ebrgjegj\u00ebse financiare dhe ligjore"},"content":{"rendered":"<p>Fluturimet e Air Albania n\u00eb Europ\u00eb nis\u00ebn t\u00eb h\u00ebn\u00ebn, pavar\u00ebsisht faktit q\u00eb nuk \u00ebsht\u00eb dh\u00ebn\u00eb ende licenca nga Agjencia e Siguris\u00eb s\u00eb Aviacionit Europian (EASA).<\/p>\n<p>Ministrja e Energjis\u00eb dhe Infrastruktur\u00ebs, Belinda Balluku e quajti Air Albania nj\u00eb kompani prestigjoze&#8221; dhe iu referua avion\u00ebve si &#8220;zogjt\u00eb e shqiponj\u00ebs&#8221; .<\/p>\n<p>Por sipas list\u00ebs s\u00eb publikuar nga EASA m\u00ebngjesin e sot\u00ebm e vetmja kompani ajrore q\u00eb ka licenc\u00eb p\u00ebr t\u00eb operuar n\u00eb BE \u00ebsht\u00eb Alba\u00ebings. Me q\u00ebllim q\u00eb t\u00eb shmangej nj\u00eb katastrof\u00eb \u00a0Air Albania u detyrua t\u00eb marr\u00eb avion\u00eb t\u00eb Turkish Airlines<\/p>\n<p>K\u00ebto avion\u00eb do t\u00eb thot\u00eb q\u00eb Air Albania mori me qera avion\u00eb nga Turkish Airlines me q\u00ebllim q\u00eb t\u00eb p\u00ebrdorin licenc\u00ebn e k\u00ebtyre t\u00eb fundit p\u00ebr t\u00eb p\u00ebrfituar nga t\u00eb mirat q\u00eb sjell kjo licenc\u00eb.<\/p>\n<p><em>&#8216;Duke p\u00ebrdorur avion\u00ebt e Turkish Airlines me brandin Air Albania, ata do t\u00eb jen\u00eb n\u00eb gjendje t\u00eb fluturojn\u00eb n\u00eb destiancionet europiane. Gjithashtu n\u00ebnkupton se Turkish Airlines do t\u00eb b\u00ebhet nj\u00eb entitet p\u00ebrgjegj\u00ebs financiar, ligjor dhe teknik p\u00ebr Air Albania<\/em>&#8221; shkruan Alice Elizabeth Tayler ne nj\u00eb shkrim t\u00eb publikuar sot n\u00eb anglisht n\u00eb exit.al.<\/p>\n<p>M\u00eb p\u00ebrpara \u00ebsht\u00eb raportuar se drejtori, trajnuesit dhe drejtor\u00ebt e mir\u00ebmbajtjes t\u00eb t\u00eb Air Albania jan\u00eb t\u00eb gjith\u00eb shtetas turq dhe 49% e aksioneve jan\u00eb n\u00eb pron\u00ebsi t\u00eb Turkish Airlines, nd\u00ebrsa 41% e aksioneve t\u00eb tjera zot\u00ebrohet nga shtetas shqiptaro-turq. Administratori i Air Albania \u00ebsht\u00eb shtetas turk i lindur n\u00eb Stamboll dhe \u00ebsht\u00eb p\u00ebrfaq\u00ebsues i p\u00ebrfaq\u00ebsuesit t\u00eb Turkish Airlines.<\/p>\n<p>Ky kombinim me marr\u00ebveshjen e avion\u00ebve tregon q\u00eb Air Albania \u00ebsht\u00eb nj\u00eb linj\u00eb ajrore shqiptare q\u00eb nuk ekziston, p\u00ebrkundrazi \u00ebsht\u00eb n\u00eb thelb nj\u00eb deg\u00eb e Turkish Airlines.<\/p>\n<p>Nga ana e saj qeveria dhe Aviacioni Civil kan\u00eb mohuar q\u00eb licenca e Air Albania \u00ebsht\u00eb mohuar nga EASA, nd\u00ebrsa kjo e fundit nuk pranon t\u00eb komentoj\u00eb<\/p>","protected":false},"excerpt":{"rendered":"<p>Fluturimet e Air Albania n\u00eb Europ\u00eb nis\u00ebn t\u00eb h\u00ebn\u00ebn, pavar\u00ebsisht faktit q\u00eb nuk \u00ebsht\u00eb dh\u00ebn\u00eb ende licenca nga Agjencia e Siguris\u00eb s\u00eb Aviacionit Europian (EASA). Ministrja e Energjis\u00eb dhe Infrastruktur\u00ebs, Belinda Balluku e quajti Air Albania nj\u00eb kompani prestigjoze&#8221; dhe iu referua avion\u00ebve si &#8220;zogjt\u00eb e shqiponj\u00ebs&#8221; . Por sipas list\u00ebs s\u00eb publikuar nga EASA [&hellip;]<\/p>\n","protected":false},"author":2013,"featured_media":109727,"comment_status":"open","ping_status":"closed","sticky":false,"template":"","format":"standard","meta":{"footnotes":""},"categories":[241,235],"tags":[],"class_list":{"0":"post-109726","1":"post","2":"type-post","3":"status-publish","4":"format-standard","5":"has-post-thumbnail","7":"category-aktualitet","8":"category-vendi"},"_links":{"self":[{"href":"https:\/\/zjarr.tv\/en\/wp-json\/wp\/v2\/posts\/109726","targetHints":{"allow":["GET"]}}],"collection":[{"href":"https:\/\/zjarr.tv\/en\/wp-json\/wp\/v2\/posts"}],"about":[{"href":"https:\/\/zjarr.tv\/en\/wp-json\/wp\/v2\/types\/post"}],"author":[{"embeddable":true,"href":"https:\/\/zjarr.tv\/en\/wp-json\/wp\/v2\/users\/2013"}],"replies":[{"embeddable":true,"href":"https:\/\/zjarr.tv\/en\/wp-json\/wp\/v2\/comments?post=109726"}],"version-history":[{"count":0,"href":"https:\/\/zjarr.tv\/en\/wp-json\/wp\/v2\/posts\/109726\/revisions"}],"wp:featuredmedia":[{"embeddable":true,"href":"https:\/\/zjarr.tv\/en\/wp-json\/wp\/v2\/media\/109727"}],"wp:attachment":[{"href":"https:\/\/zjarr.tv\/en\/wp-json\/wp\/v2\/media?parent=109726"}],"wp:term":[{"taxonomy":"category","embeddable":true,"href":"https:\/\/zjarr.tv\/en\/wp-json\/wp\/v2\/categories?post=109726"},{"taxonomy":"post_tag","embeddable":true,"href":"https:\/\/zjarr.tv\/en\/wp-json\/wp\/v2\/tags?post=109726"}],"curies":[{"name":"wp","href":"https:\/\/api.w.org\/{rel}","templated":true}]}}