{"id":110489,"date":"2019-10-14T15:19:38","date_gmt":"2019-10-14T13:19:38","guid":{"rendered":"https:\/\/zjarr.tv\/?p=110489"},"modified":"2019-10-14T15:19:38","modified_gmt":"2019-10-14T13:19:38","slug":"raporti-perfundimtar-i-venecias-reagon-opozita-e-bashkuar","status":"publish","type":"post","link":"https:\/\/zjarr.tv\/en\/raporti-perfundimtar-i-venecias-reagon-opozita-e-bashkuar\/","title":{"rendered":"Raporti p\u00ebrfundimtar i Venecias, reagon Opozita e Bashkuar"},"content":{"rendered":"<div class=\"readmore-text-here\">\n<p><strong>Deklarat\u00eb e p\u00ebrbashk\u00ebt e opozit\u00ebs s\u00eb bashkuar<\/strong><\/p>\n<p>Opozita e Bashkuar p\u00ebrsh\u00ebndet opinionin e Komisionit t\u00eb Venecias q\u00eb rr\u00ebzoi planin antikushtetues t\u00eb Edi Ram\u00ebs p\u00ebr t\u00eb uzurpuar institucionin e Presidentit t\u00eb Republik\u00ebs.<\/p>\n<p>Komisioni i Venecias konfirmoi se Presidenti i Republik\u00ebs Sh.T.Z. Ilir Meta nuk ka kryer asnj\u00eb shkelje t\u00eb Kushtetut\u00ebs dhe se iniciativa qeveritare p\u00ebr shkarkimin e tij bie ndesh me Kushtetut\u00ebn.<\/p>\n<div id=\"rekl-13\">\n<div id=\"__sap-ad-15\" class=\"__sap-ads __sap-html tracked\" data-title=\"Credins desktop 08\"><ins><\/p>\n<div id=\"beacon_3fbba5d75a\"><img loading=\"lazy\" decoding=\"async\" src=\"https:\/\/ads1.medium.al\/www\/delivery\/lg.php?bannerid=417&amp;campaignid=59&amp;zoneid=232&amp;loc=https%3A%2F%2Fwww.syri.net%2Fpolitike%2F286938%2Fraporti-perfundimtar-i-venecias-reagon-opozita-e-bashkuar%2F&amp;referer=https%3A%2F%2Fwww.syri.net%2Flajme%2F&amp;cb=3fbba5d75a\" alt=\"\" width=\"0\" height=\"0\" \/>Opozita e Bashkuar vler\u00ebson rolin e Presidentit t\u00eb Republik\u00ebs, t\u00eb konfirmuar edhe nga Komisioni i Venecias, se, me anulimin dhe shtyrjen e dat\u00ebs s\u00eb zgjedhjeve, Presidenti ka ndjekur nj\u00eb q\u00ebllim legjitim p\u00ebr t\u00eb shmangur konfliktet e mundshme sociale dhe p\u00ebr t\u00eb mbrojtur demokracin\u00eb n\u00eb vend.<\/div>\n<p><\/ins><\/div>\n<\/div>\n<p>Komisioni i Venecias pohon se qeveria e Edi Ram\u00ebs nuk ka ndjekur rrug\u00ebn kushtetuese p\u00ebr kund\u00ebrshtimin e Dekreteve t\u00eb Presidentit. As Qeveria dhe as Parlamenti monist nuk kan\u00eb sfiduar p\u00ebrpara asnj\u00eb gjykate Dekretet Presidenciale. Kjo n\u00ebnkupton se Dekretet e Presidentit p\u00ebr anulimin dhe shtyrjen e dat\u00ebs s\u00eb zgjedhjeve jan\u00eb edhe sot n\u00eb fuqi.<\/p>\n<p>Votimet moniste t\u00eb 30 Qershorit, t\u00eb mbajtura pa Dekret t\u00eb Presidentit t\u00eb Republik\u00ebs, jan\u00eb jo vet\u00ebm antikushtetuese, por nj\u00eb akt i paprecedent\u00eb n\u00eb historin\u00eb e 30 viteve demokraci. Ky akt \u00ebsht\u00eb nj\u00eb hap i madh prapa, q\u00eb bie ndesh me vlerat dhe standardet europiane.<\/p>\n<p>Opinioni konfirmoi edhe nj\u00ebher\u00eb se q\u00ebllimi i vet\u00ebm i Edi Ram\u00ebs \u00ebsht\u00eb kapja e t\u00eb gjitha pushteteve, rr\u00ebnimi i shtetit ligjor dhe parimit t\u00eb ndarjes e balancimit t\u00eb pushteteve, me q\u00ebllimin e vet\u00ebm t\u00eb mbrojtjes s\u00eb krimit dhe korrupsionit qeveritar.<\/p>\n<p>Edi Rama \u00ebsht\u00eb konfirmuar si Kryeministri i vet\u00ebm n\u00eb Europ\u00eb q\u00eb, pasi kontrollon politikisht Parlamentin, prokurorin\u00eb, gjykatat, ekonomin\u00eb, pushtetin lokal, po tenton t\u00eb kap\u00eb politikisht edhe institucionin e Presidentit.<\/p>\n<p>Opinioni Final i Komisionit t\u00eb Venecias rr\u00ebzon propagand\u00ebn e Edi Ram\u00ebs p\u00ebr shkarkimin e Presidentit, propagand\u00eb e cila mbahet n\u00eb k\u00ebmb\u00eb nga nj\u00eb komision parlamentar me mision t\u00eb d\u00ebshtuar antikushtetues.<\/p>\n<\/div>\n<div id=\"rekl-33\"><\/div>","protected":false},"excerpt":{"rendered":"<p>Deklarat\u00eb e p\u00ebrbashk\u00ebt e opozit\u00ebs s\u00eb bashkuar Opozita e Bashkuar p\u00ebrsh\u00ebndet opinionin e Komisionit t\u00eb Venecias q\u00eb rr\u00ebzoi planin antikushtetues t\u00eb Edi Ram\u00ebs p\u00ebr t\u00eb uzurpuar institucionin e Presidentit t\u00eb Republik\u00ebs. Komisioni i Venecias konfirmoi se Presidenti i Republik\u00ebs Sh.T.Z. Ilir Meta nuk ka kryer asnj\u00eb shkelje t\u00eb Kushtetut\u00ebs dhe se iniciativa qeveritare p\u00ebr shkarkimin [&hellip;]<\/p>\n","protected":false},"author":2013,"featured_media":92094,"comment_status":"open","ping_status":"closed","sticky":false,"template":"","format":"standard","meta":{"footnotes":""},"categories":[241,235],"tags":[],"class_list":{"0":"post-110489","1":"post","2":"type-post","3":"status-publish","4":"format-standard","5":"has-post-thumbnail","7":"category-aktualitet","8":"category-vendi"},"_links":{"self":[{"href":"https:\/\/zjarr.tv\/en\/wp-json\/wp\/v2\/posts\/110489","targetHints":{"allow":["GET"]}}],"collection":[{"href":"https:\/\/zjarr.tv\/en\/wp-json\/wp\/v2\/posts"}],"about":[{"href":"https:\/\/zjarr.tv\/en\/wp-json\/wp\/v2\/types\/post"}],"author":[{"embeddable":true,"href":"https:\/\/zjarr.tv\/en\/wp-json\/wp\/v2\/users\/2013"}],"replies":[{"embeddable":true,"href":"https:\/\/zjarr.tv\/en\/wp-json\/wp\/v2\/comments?post=110489"}],"version-history":[{"count":0,"href":"https:\/\/zjarr.tv\/en\/wp-json\/wp\/v2\/posts\/110489\/revisions"}],"wp:featuredmedia":[{"embeddable":true,"href":"https:\/\/zjarr.tv\/en\/wp-json\/wp\/v2\/media\/92094"}],"wp:attachment":[{"href":"https:\/\/zjarr.tv\/en\/wp-json\/wp\/v2\/media?parent=110489"}],"wp:term":[{"taxonomy":"category","embeddable":true,"href":"https:\/\/zjarr.tv\/en\/wp-json\/wp\/v2\/categories?post=110489"},{"taxonomy":"post_tag","embeddable":true,"href":"https:\/\/zjarr.tv\/en\/wp-json\/wp\/v2\/tags?post=110489"}],"curies":[{"name":"wp","href":"https:\/\/api.w.org\/{rel}","templated":true}]}}