{"id":110509,"date":"2019-10-14T16:11:33","date_gmt":"2019-10-14T14:11:33","guid":{"rendered":"https:\/\/zjarr.tv\/?p=110509"},"modified":"2019-10-14T16:11:33","modified_gmt":"2019-10-14T14:11:33","slug":"duhet-vendim-i-guximshem-per-te-ardhmen-4-ministra-te-jashtem-te-be-ti-hapen-negociatat-shqiperise-dhe-maqedonise-se-veriut","status":"publish","type":"post","link":"https:\/\/zjarr.tv\/en\/duhet-vendim-i-guximshem-per-te-ardhmen-4-ministra-te-jashtem-te-be-ti-hapen-negociatat-shqiperise-dhe-maqedonise-se-veriut\/","title":{"rendered":"\u201cDuhet vendim i guximsh\u00ebm p\u00ebr t\u00eb ardhmen\u201d, 4 ministra t\u00eb Jasht\u00ebm t\u00eb BE: T\u2019i hapen negociatat Shqip\u00ebris\u00eb dhe Maqedonis\u00eb s\u00eb Veriut"},"content":{"rendered":"<p>Kat\u00ebr ministra t\u00eb Jasht\u00ebm t\u00eb vendeve t\u00eb Bashkimit Evropian, p\u00ebrkat\u00ebsisht \u00c7ekis\u00eb, Polonis\u00eb, Hungaris\u00eb dhe Sllovakis\u00eb, iu jan\u00eb drejtuar me nj\u00eb let\u00ebr gjith\u00eb vendeve an\u00ebtare t\u00eb BE, duke iu k\u00ebrkuar t\u00eb hapin negociatat p\u00ebr Shqip\u00ebrin\u00eb dhe Maqedonin\u00eb e Veriut.<\/p>\n<p>\u201cMaqedonia e Veriut dhe Shqip\u00ebria i kan\u00eb p\u00ebrmbushur kriteret ky\u00e7e q\u00eb i ka vendosur BE duke zbatuar reforma komplekse vendore. Maqedonia e Veriut e ka lidhur Marr\u00ebveshjen historike t\u00eb Presp\u00ebs me Greqin\u00eb me \u00e7ka ishte tejkaluar kontesti disavje\u00e7ar rreth emrit t\u00eb shtetit\u201d, shkruajn\u00eb n\u00eb letr\u00ebn e p\u00ebrbashk\u00ebt t\u00eb publikuar n\u00eb \u201cPolitiko\u201d, ministri i Jasht\u00ebm \u00e7ek, Tomas Petri\u00e7ek, ai polak, Jacek \u00c7aputovi\u00e7, ai hungarez, Petar Sijarto, dhe shefi i diplomacis\u00eb sllovake, Mirosllav Laj\u00e7ak.<\/p>\n<p>Ata theksojn\u00eb se p\u00ebr shkak t\u00eb progresit t\u00eb arritur impresionues, KE n\u00eb maj t\u00eb k\u00ebtij viti ka dh\u00ebn\u00eb rekomandim t\u00eb pakusht\u00ebzuar me dy vendet, por megjithat\u00eb Shkupi dhe Tirana ende presin drit\u00eb t\u00eb gjelb\u00ebr nga shtetet an\u00ebtare t\u00eb BE-s\u00eb.<\/p>\n<div id=\"pa_1x1_psbk_1571062250599\"><\/div>\n<p>\u201cFillimi i negociatave \u00ebsht\u00eb hap i r\u00ebnd\u00ebsish\u00ebm n\u00eb rrug\u00ebn drejt inkuadrimit t\u00eb BE-s\u00eb, por n\u00eb vetvete nuk n\u00ebnkupton an\u00ebtar\u00ebsim. Eurointegrimi varet nga p\u00ebrmbushja e kritereve t\u00eb vendosura nga Unioni, q\u00ebllimi i s\u00eb cil\u00ebs \u00ebsht\u00eb t\u00eb ndihmoj\u00eb vendet e Ballkanit Per\u00ebndimor t\u00eb p\u00ebrgatitet p\u00ebr an\u00ebtar\u00ebsim dhe t\u00eb p\u00ebrmir\u00ebsojn\u00eb jet\u00ebn e qytetar\u00ebve t\u00eb saj. Ajo poashtu \u00ebsht\u00eb zgjedhje e p\u00ebrbashk\u00ebt strategjike e BE-s\u00eb dhe partner\u00ebt e saj n\u00eb rajon. P\u00ebrfshirja e Ballkanit Per\u00ebndimor n\u00eb BE \u00ebsht\u00eb e interesit politik, ekonomik dhe t\u00eb siguris\u00eb s\u00eb Unionit\u201d, theksojn\u00eb ministrat.<\/p>\n<p>\u201cMaqedonia e Veriut dhe Shqip\u00ebria me padurim presin fillim t\u00eb faz\u00ebs s\u00eb re t\u00eb procesit t\u00eb integrimit n\u00eb BE. Koha \u00ebsht\u00eb t\u00eb sillet vendim i guximsh\u00ebm p\u00ebr t\u00eb ardhmen, jo vet\u00ebm t\u00eb k\u00ebtyre dy vendeve, por edhe mbar\u00eb Ballkanit Per\u00ebndimor dhe BE-s\u00eb. Vendimi pozitiv do t\u00eb \u00e7oj\u00eb sinjal t\u00eb qart\u00eb se BE pranon rezultate konkrete n\u00eb p\u00ebrmbushjen e kushteve q\u00eb i vendos. Ajo n\u00ebnkupton impuls shtes\u00eb p\u00ebr mbar\u00eb rajonin n\u00eb vazhdimin e reformave dhe transformimin. Me hapjen e bisedimeve me Maqedonin\u00eb e Veriut dhe Shqip\u00ebrin\u00eb, BE do t\u00eb riafirmoj\u00eb p\u00ebrcaktimet e saja p\u00ebr stabilitet, siguri, demokraci dhe prosperitet t\u00eb rajonit. Poashtu do ta njeh dhe pranoj\u00eb faktin se vet\u00ebm p\u00ebrmes integrimit t\u00eb Ballkanit Per\u00ebndimor, BE do t\u00eb jet\u00eb e kompletuar, nd\u00ebrsa interesat e saja t\u00eb mbrojtur n\u00eb afatgjat\u00eb\u201d, vler\u00ebsojn\u00eb ministrat p\u00ebr Pun\u00eb t\u00eb Jashtme t\u00eb \u00c7ekis\u00eb, Polonis\u00eb, Hungaris\u00eb dhe Sllovakis\u00eb.<\/p>\n<p>Petri\u00e7ek, Sijarto, \u00c7aputovi\u00e7 dhe Laj\u00e7ak n\u00eb letr\u00ebn e hapur t\u00eb p\u00ebrbashk\u00ebt konstatojn\u00eb se vendimi p\u00ebr bisedime miratohet n\u00eb koh\u00ebn kur BE p\u00ebrballet me sfida t\u00eb shumta si\u00e7 \u00ebsht\u00eb Bregziti, migrimi, nisja n\u00eb detyr\u00eb e KE-s\u00eb s\u00eb re, por k\u00ebto \u00e7\u00ebshtje si\u00e7 theksojn\u00eb, \u201cnuk guxojn\u00eb t\u00eb largojn\u00eb BE-n\u00eb nga ajo q\u00eb arrit\u00ebn n\u00eb Ballkanin Per\u00ebndimor dhe ajo patjet\u00ebr t\u00eb mbetet e p\u00ebrkushtuar n\u00eb obligimet q\u00eb i merr drejt rajonit\u201d.<\/p>","protected":false},"excerpt":{"rendered":"<p>Kat\u00ebr ministra t\u00eb Jasht\u00ebm t\u00eb vendeve t\u00eb Bashkimit Evropian, p\u00ebrkat\u00ebsisht \u00c7ekis\u00eb, Polonis\u00eb, Hungaris\u00eb dhe Sllovakis\u00eb, iu jan\u00eb drejtuar me nj\u00eb let\u00ebr gjith\u00eb vendeve an\u00ebtare t\u00eb BE, duke iu k\u00ebrkuar t\u00eb hapin negociatat p\u00ebr Shqip\u00ebrin\u00eb dhe Maqedonin\u00eb e Veriut. \u201cMaqedonia e Veriut dhe Shqip\u00ebria i kan\u00eb p\u00ebrmbushur kriteret ky\u00e7e q\u00eb i ka vendosur BE duke zbatuar [&hellip;]<\/p>\n","protected":false},"author":2013,"featured_media":110510,"comment_status":"open","ping_status":"closed","sticky":false,"template":"","format":"standard","meta":{"footnotes":""},"categories":[241,235],"tags":[],"class_list":{"0":"post-110509","1":"post","2":"type-post","3":"status-publish","4":"format-standard","5":"has-post-thumbnail","7":"category-aktualitet","8":"category-vendi"},"_links":{"self":[{"href":"https:\/\/zjarr.tv\/en\/wp-json\/wp\/v2\/posts\/110509","targetHints":{"allow":["GET"]}}],"collection":[{"href":"https:\/\/zjarr.tv\/en\/wp-json\/wp\/v2\/posts"}],"about":[{"href":"https:\/\/zjarr.tv\/en\/wp-json\/wp\/v2\/types\/post"}],"author":[{"embeddable":true,"href":"https:\/\/zjarr.tv\/en\/wp-json\/wp\/v2\/users\/2013"}],"replies":[{"embeddable":true,"href":"https:\/\/zjarr.tv\/en\/wp-json\/wp\/v2\/comments?post=110509"}],"version-history":[{"count":0,"href":"https:\/\/zjarr.tv\/en\/wp-json\/wp\/v2\/posts\/110509\/revisions"}],"wp:featuredmedia":[{"embeddable":true,"href":"https:\/\/zjarr.tv\/en\/wp-json\/wp\/v2\/media\/110510"}],"wp:attachment":[{"href":"https:\/\/zjarr.tv\/en\/wp-json\/wp\/v2\/media?parent=110509"}],"wp:term":[{"taxonomy":"category","embeddable":true,"href":"https:\/\/zjarr.tv\/en\/wp-json\/wp\/v2\/categories?post=110509"},{"taxonomy":"post_tag","embeddable":true,"href":"https:\/\/zjarr.tv\/en\/wp-json\/wp\/v2\/tags?post=110509"}],"curies":[{"name":"wp","href":"https:\/\/api.w.org\/{rel}","templated":true}]}}