{"id":110515,"date":"2019-10-14T16:46:01","date_gmt":"2019-10-14T14:46:01","guid":{"rendered":"https:\/\/zjarr.tv\/?p=110515"},"modified":"2019-10-14T16:46:01","modified_gmt":"2019-10-14T14:46:01","slug":"meta-takon-haradinajn-dhe-gruan-e-tij","status":"publish","type":"post","link":"https:\/\/zjarr.tv\/en\/meta-takon-haradinajn-dhe-gruan-e-tij\/","title":{"rendered":"Meta takon Haradinajn dhe gruan e tij"},"content":{"rendered":"<p>Presidenti i Republik\u00ebs, Ilir Meta \u00ebsht\u00eb takuar me ish-kryeministrin e Kosov\u00ebs, Ramush Haradinaj dhe bashk\u00ebshortene \u00a0tij Anita Haradinaj.<\/p>\n<p>Takimi i tyre rast\u00ebsor n\u00eb \u201cMrizin e Zanave\u201d \u00ebsht\u00eb b\u00ebr\u00eb i ditur nga vet\u00eb Presidenti, i cili n\u00eb facebook ka postuar nj\u00eb foto.<\/p>\n<p><em>\u201cI lumtur t\u00eb takohesha sot me Ramushin dhe Anit\u00ebn te &#8220;Mrizi i Zanave&#8221; dhe t\u00eb kalonim \u00e7aste t\u00eb g\u00ebzueshme, duke uruar edhe fitoren e Dardan\u00ebve sot!\u201d\u00a0<\/em>shkruan Meta.<\/p>","protected":false},"excerpt":{"rendered":"<p>Presidenti i Republik\u00ebs, Ilir Meta \u00ebsht\u00eb takuar me ish-kryeministrin e Kosov\u00ebs, Ramush Haradinaj dhe bashk\u00ebshortene \u00a0tij Anita Haradinaj. Takimi i tyre rast\u00ebsor n\u00eb \u201cMrizin e Zanave\u201d \u00ebsht\u00eb b\u00ebr\u00eb i ditur nga vet\u00eb Presidenti, i cili n\u00eb facebook ka postuar nj\u00eb foto. \u201cI lumtur t\u00eb takohesha sot me Ramushin dhe Anit\u00ebn te &#8220;Mrizi i Zanave&#8221; dhe [&hellip;]<\/p>\n","protected":false},"author":2013,"featured_media":110516,"comment_status":"open","ping_status":"closed","sticky":false,"template":"","format":"standard","meta":{"footnotes":""},"categories":[241,235],"tags":[],"class_list":{"0":"post-110515","1":"post","2":"type-post","3":"status-publish","4":"format-standard","5":"has-post-thumbnail","7":"category-aktualitet","8":"category-vendi"},"_links":{"self":[{"href":"https:\/\/zjarr.tv\/en\/wp-json\/wp\/v2\/posts\/110515","targetHints":{"allow":["GET"]}}],"collection":[{"href":"https:\/\/zjarr.tv\/en\/wp-json\/wp\/v2\/posts"}],"about":[{"href":"https:\/\/zjarr.tv\/en\/wp-json\/wp\/v2\/types\/post"}],"author":[{"embeddable":true,"href":"https:\/\/zjarr.tv\/en\/wp-json\/wp\/v2\/users\/2013"}],"replies":[{"embeddable":true,"href":"https:\/\/zjarr.tv\/en\/wp-json\/wp\/v2\/comments?post=110515"}],"version-history":[{"count":0,"href":"https:\/\/zjarr.tv\/en\/wp-json\/wp\/v2\/posts\/110515\/revisions"}],"wp:featuredmedia":[{"embeddable":true,"href":"https:\/\/zjarr.tv\/en\/wp-json\/wp\/v2\/media\/110516"}],"wp:attachment":[{"href":"https:\/\/zjarr.tv\/en\/wp-json\/wp\/v2\/media?parent=110515"}],"wp:term":[{"taxonomy":"category","embeddable":true,"href":"https:\/\/zjarr.tv\/en\/wp-json\/wp\/v2\/categories?post=110515"},{"taxonomy":"post_tag","embeddable":true,"href":"https:\/\/zjarr.tv\/en\/wp-json\/wp\/v2\/tags?post=110515"}],"curies":[{"name":"wp","href":"https:\/\/api.w.org\/{rel}","templated":true}]}}