{"id":110524,"date":"2019-10-14T16:51:51","date_gmt":"2019-10-14T14:51:51","guid":{"rendered":"https:\/\/zjarr.tv\/?p=110524"},"modified":"2019-10-14T16:51:51","modified_gmt":"2019-10-14T14:51:51","slug":"kurti-kerkoi-reciprocitet-te-plote-reagon-bernabiq-paralajmerim-per-shkelje-te-cefta-s","status":"publish","type":"post","link":"https:\/\/zjarr.tv\/en\/kurti-kerkoi-reciprocitet-te-plote-reagon-bernabiq-paralajmerim-per-shkelje-te-cefta-s\/","title":{"rendered":"Kurti k\u00ebrkoi reciprocitet t\u00eb plot\u00eb, reagon B\u00ebrnabiq: Paralajm\u00ebrim p\u00ebr shkelje t\u00eb CEFTA-s"},"content":{"rendered":"<p>Kryeministrja e Serbis\u00eb, Ana B\u00ebrnabiq ka th\u00ebn\u00eb se q\u00ebndrimi i kreut t\u00eb Vet\u00ebvendosjes, Albin Kurti, p\u00ebr nj\u00eb reciprocitet t\u00eb plot\u00eb ekonomik, politik dhe tregtar me Serbin\u00eb n\u00eb vend t\u00eb taks\u00ebs 100 p\u00ebr qind, \u00ebsht\u00eb paralajm\u00ebrim i qart\u00eb p\u00ebr vazhdimin e shkeljes s\u00eb marr\u00ebveshjes p\u00ebr tregti t\u00eb lir\u00eb n\u00eb Evrop\u00ebn Qendrore (CEFTA).<\/p>\n<p>\u201cN\u00ebse ata veprojn\u00eb sipas paralajm\u00ebrimeve, pa marr\u00eb parasysh a e heqin apo jo taks\u00ebn 100 p\u00ebr qind, kjo \u00ebsht\u00eb ende nj\u00eb shkelje e marr\u00ebveshjes s\u00eb CEFTA-s. Asgj\u00eb nuk do t\u00eb ndryshoj\u00eb shum\u00eb, ata vazhdojn\u00eb t\u00eb jen\u00eb pala q\u00eb shkelin CEFTA-n si dhe Marr\u00ebveshjen e Stabilizim Asociimit qe e kan\u00eb me BE-n\u00eb. Un\u00eb shpresoj q\u00eb ata do t\u00eb mendojn\u00eb edhe nj\u00ebher\u00eb p\u00ebr k\u00ebt\u00eb, sepse nuk e di ku do t\u2019i d\u00ebrgoj\u00eb e gjith\u00eb kjo\u201d, tha kryeministrja B\u00ebrnabiq, kur u pyet nga Radio Evropa e Lir\u00eb p\u00ebr t\u00eb komentuar deklaratat e Kurtit p\u00ebr \u00e7\u00ebshtjen e reciprocitetit.<\/p>\n<div id=\"rekl-28\"><\/div>\n<p>M\u00eb 10 tetor, n\u00eb nj\u00eb intervist\u00eb p\u00ebr Radion Evropa e Lir\u00eb, kryetari i Vet\u00ebvendosjes, Albin Kurti, deklaroi se \u201cNe jemi jo vet\u00ebm t\u00eb gatsh\u00ebm, por edhe t\u00eb interesuar q\u00eb tarif\u00ebn 100 p\u00ebr qind, ta z\u00ebvend\u00ebsojm\u00eb me reciprocitet t\u00eb plot\u00eb me Serbin\u00eb n\u00eb p\u00ebrputhje me Rezolut\u00ebn e Kuvendit t\u00eb Kosov\u00ebs t\u00eb dat\u00ebs 7 dhjetor 2011\u201d.<\/p>\n<div id=\"rekl-13\">\n<div id=\"__sap-ad-15\" class=\"__sap-ads __sap-html tracked\" data-title=\"Credins desktop 08\"><ins><\/p>\n<div id=\"beacon_237773fe09\"><img loading=\"lazy\" decoding=\"async\" src=\"https:\/\/ads1.medium.al\/www\/delivery\/lg.php?bannerid=369&amp;campaignid=48&amp;zoneid=232&amp;loc=https%3A%2F%2Fwww.syri.net%2Frajoni%2F286369%2Fkurti-kerkoi-reciprocitet-te-plote-reagon-bernabiq-paralajmerim-per-shkelje-te-cefta-s%2F&amp;referer=https%3A%2F%2Fwww.syri.net%2Frajoni%2F&amp;cb=237773fe09\" alt=\"\" width=\"0\" height=\"0\" \/><\/div>\n<p><\/ins><\/div>\n<\/div>\n<p>Qeveria e Kosov\u00ebs pati vendosur taks\u00ebn 100 p\u00ebr qind p\u00ebr mallrat serbe dhe t\u00eb Bosnj\u00ebs n\u00eb n\u00ebntor t\u00eb vitit 2018.<\/p>\n<p>Kjo ishte b\u00ebr\u00eb si kund\u00ebrp\u00ebrgjigje, ndaj fushat\u00ebs s\u00eb autoriteteve serbe, p\u00ebr t\u00eb penguar an\u00ebtar\u00ebsimin e Kosov\u00ebs n\u00eb organizata nd\u00ebrkomb\u00ebtare.<\/p>\n<p>M\u00eb pas, Serbia nd\u00ebrpreu bisedimet p\u00ebr normalizimin e raporteve me Kosov\u00ebn t\u00eb nd\u00ebrmjet\u00ebsuara nga Bashkimi Evropian.<\/p>\n<p>Heqjen e taks\u00ebs e kan\u00eb k\u00ebrkuar edhe Bashkimi Evropian dhe Shtetet e Bashkuara.<\/p>","protected":false},"excerpt":{"rendered":"<p>Kryeministrja e Serbis\u00eb, Ana B\u00ebrnabiq ka th\u00ebn\u00eb se q\u00ebndrimi i kreut t\u00eb Vet\u00ebvendosjes, Albin Kurti, p\u00ebr nj\u00eb reciprocitet t\u00eb plot\u00eb ekonomik, politik dhe tregtar me Serbin\u00eb n\u00eb vend t\u00eb taks\u00ebs 100 p\u00ebr qind, \u00ebsht\u00eb paralajm\u00ebrim i qart\u00eb p\u00ebr vazhdimin e shkeljes s\u00eb marr\u00ebveshjes p\u00ebr tregti t\u00eb lir\u00eb n\u00eb Evrop\u00ebn Qendrore (CEFTA). \u201cN\u00ebse ata veprojn\u00eb sipas [&hellip;]<\/p>\n","protected":false},"author":2013,"featured_media":109954,"comment_status":"open","ping_status":"closed","sticky":false,"template":"","format":"standard","meta":{"footnotes":""},"categories":[241,2],"tags":[],"class_list":{"0":"post-110524","1":"post","2":"type-post","3":"status-publish","4":"format-standard","5":"has-post-thumbnail","7":"category-aktualitet","8":"category-rajoni"},"_links":{"self":[{"href":"https:\/\/zjarr.tv\/en\/wp-json\/wp\/v2\/posts\/110524","targetHints":{"allow":["GET"]}}],"collection":[{"href":"https:\/\/zjarr.tv\/en\/wp-json\/wp\/v2\/posts"}],"about":[{"href":"https:\/\/zjarr.tv\/en\/wp-json\/wp\/v2\/types\/post"}],"author":[{"embeddable":true,"href":"https:\/\/zjarr.tv\/en\/wp-json\/wp\/v2\/users\/2013"}],"replies":[{"embeddable":true,"href":"https:\/\/zjarr.tv\/en\/wp-json\/wp\/v2\/comments?post=110524"}],"version-history":[{"count":0,"href":"https:\/\/zjarr.tv\/en\/wp-json\/wp\/v2\/posts\/110524\/revisions"}],"wp:featuredmedia":[{"embeddable":true,"href":"https:\/\/zjarr.tv\/en\/wp-json\/wp\/v2\/media\/109954"}],"wp:attachment":[{"href":"https:\/\/zjarr.tv\/en\/wp-json\/wp\/v2\/media?parent=110524"}],"wp:term":[{"taxonomy":"category","embeddable":true,"href":"https:\/\/zjarr.tv\/en\/wp-json\/wp\/v2\/categories?post=110524"},{"taxonomy":"post_tag","embeddable":true,"href":"https:\/\/zjarr.tv\/en\/wp-json\/wp\/v2\/tags?post=110524"}],"curies":[{"name":"wp","href":"https:\/\/api.w.org\/{rel}","templated":true}]}}