{"id":110546,"date":"2019-10-14T17:02:29","date_gmt":"2019-10-14T15:02:29","guid":{"rendered":"https:\/\/zjarr.tv\/?p=110546"},"modified":"2019-10-14T17:02:29","modified_gmt":"2019-10-14T15:02:29","slug":"kercenon-presidenti-kinez-kushdo-qe-tenton-te-ndaje-kinen-do-perfundoje-me-trupa-te-copetuar","status":"publish","type":"post","link":"https:\/\/zjarr.tv\/en\/kercenon-presidenti-kinez-kushdo-qe-tenton-te-ndaje-kinen-do-perfundoje-me-trupa-te-copetuar\/","title":{"rendered":"K\u00ebrc\u00ebnon presidenti kinez: Kushdo q\u00eb tenton t\u00eb ndaj\u00eb Kin\u00ebn do p\u00ebrfundoj\u00eb me trupa t\u00eb cop\u00ebtuar"},"content":{"rendered":"<p>Presidenti i Kin\u00ebs ka l\u00ebshuar nj\u00eb paralajm\u00ebrim duke th\u00ebn\u00eb se \u00e7do p\u00ebrpjekje p\u00ebr ndarjen e Kin\u00ebs do t\u00eb p\u00ebrfundoj\u00eb n\u00eb &#8220;trupa t\u00eb cop\u00ebtuar dhe eshtra t\u00eb kthyer ne pluhur\u201d.<\/p>\n<p>Komentet e presidentit Xi Jinping erdh\u00ebn gjat\u00eb nj\u00eb vizite shtet\u00ebrore n\u00eb Nepal t\u00eb diel\u00ebn, tha transmetuesi shtet\u00ebror kinez CCTV.<\/p>\n<p>Ai nuk p\u00ebrmendi asnj\u00eb rajon t\u00eb ve\u00e7ant\u00eb por fjalimi i tij u pa si nj\u00eb k\u00ebrc\u00ebnim p\u00ebr Hong Kong, ku protestat kund\u00ebr Pekinit vazhdojn\u00eb prej muajsh.<\/p>\n<p>Tubimet paq\u00ebsore n\u00eb Hong Kong shp\u00ebrthyen s\u00ebrish n\u00eb p\u00ebrleshje t\u00eb diel\u00ebn.<\/p>\n<p>Stacionet e transportit publik dhe dyqanet q\u00eb konsiderohen se jan\u00eb pro-Pekinit u d\u00ebmtuan.<\/p>\n<p><em>\u201cKushdo q\u00eb p\u00ebrpiqet t\u00eb ndaj\u00eb ndonj\u00eb rajon nga Kina do t\u00eb shkat\u00ebrrohet, me trupat e tyre t\u00eb cop\u00ebtuar dhe eshtra t\u00eb kthyer n\u00eb pluhur,\u201d<\/em>-tha Xi, sipas nj\u00eb deklarate t\u00eb Ministris\u00eb s\u00eb Jashtme.<em>\u00a0\u201c\u00c7do forc\u00eb e jashtme q\u00eb mb\u00ebshtet ndarjen e Kin\u00ebs, do konsiderohet si delusional nga populli kinez.\u201d<\/em><\/p>\n<p>Q\u00eb prej fillimit t\u00eb l\u00ebvizjes protestuese n\u00eb Hong Kong kat\u00ebr muaj m\u00eb par\u00eb, Kina ka faj\u00ebsuar &#8220;forcat e jashtme&#8221; p\u00ebr nxitjen e trazirave dhe akuzoi SHBA-n\u00eb e Mbret\u00ebrin\u00eb e Bashkuar p\u00ebr nd\u00ebrhyrje n\u00eb pun\u00ebt e brendshme kineze.<\/p>","protected":false},"excerpt":{"rendered":"<p>Presidenti i Kin\u00ebs ka l\u00ebshuar nj\u00eb paralajm\u00ebrim duke th\u00ebn\u00eb se \u00e7do p\u00ebrpjekje p\u00ebr ndarjen e Kin\u00ebs do t\u00eb p\u00ebrfundoj\u00eb n\u00eb &#8220;trupa t\u00eb cop\u00ebtuar dhe eshtra t\u00eb kthyer ne pluhur\u201d. Komentet e presidentit Xi Jinping erdh\u00ebn gjat\u00eb nj\u00eb vizite shtet\u00ebrore n\u00eb Nepal t\u00eb diel\u00ebn, tha transmetuesi shtet\u00ebror kinez CCTV. Ai nuk p\u00ebrmendi asnj\u00eb rajon t\u00eb ve\u00e7ant\u00eb [&hellip;]<\/p>\n","protected":false},"author":2013,"featured_media":110547,"comment_status":"open","ping_status":"closed","sticky":false,"template":"","format":"standard","meta":{"footnotes":""},"categories":[241,191],"tags":[],"class_list":{"0":"post-110546","1":"post","2":"type-post","3":"status-publish","4":"format-standard","5":"has-post-thumbnail","7":"category-aktualitet","8":"category-bota"},"_links":{"self":[{"href":"https:\/\/zjarr.tv\/en\/wp-json\/wp\/v2\/posts\/110546","targetHints":{"allow":["GET"]}}],"collection":[{"href":"https:\/\/zjarr.tv\/en\/wp-json\/wp\/v2\/posts"}],"about":[{"href":"https:\/\/zjarr.tv\/en\/wp-json\/wp\/v2\/types\/post"}],"author":[{"embeddable":true,"href":"https:\/\/zjarr.tv\/en\/wp-json\/wp\/v2\/users\/2013"}],"replies":[{"embeddable":true,"href":"https:\/\/zjarr.tv\/en\/wp-json\/wp\/v2\/comments?post=110546"}],"version-history":[{"count":0,"href":"https:\/\/zjarr.tv\/en\/wp-json\/wp\/v2\/posts\/110546\/revisions"}],"wp:featuredmedia":[{"embeddable":true,"href":"https:\/\/zjarr.tv\/en\/wp-json\/wp\/v2\/media\/110547"}],"wp:attachment":[{"href":"https:\/\/zjarr.tv\/en\/wp-json\/wp\/v2\/media?parent=110546"}],"wp:term":[{"taxonomy":"category","embeddable":true,"href":"https:\/\/zjarr.tv\/en\/wp-json\/wp\/v2\/categories?post=110546"},{"taxonomy":"post_tag","embeddable":true,"href":"https:\/\/zjarr.tv\/en\/wp-json\/wp\/v2\/tags?post=110546"}],"curies":[{"name":"wp","href":"https:\/\/api.w.org\/{rel}","templated":true}]}}