{"id":110937,"date":"2019-10-18T13:35:45","date_gmt":"2019-10-18T11:35:45","guid":{"rendered":"https:\/\/zjarr.tv\/?p=110937"},"modified":"2019-10-18T13:35:45","modified_gmt":"2019-10-18T11:35:45","slug":"intervista-ne-dw-frontex-rritet-numri-i-emigranteve-qe-kalojne-paligjshem-ne-kufirin-greqi-shqiperi","status":"publish","type":"post","link":"https:\/\/zjarr.tv\/en\/intervista-ne-dw-frontex-rritet-numri-i-emigranteve-qe-kalojne-paligjshem-ne-kufirin-greqi-shqiperi\/","title":{"rendered":"Intervista n\u00eb DW, FRONTEX: Rritet numri i emigrant\u00ebve q\u00eb kalojn\u00eb paligjsh\u00ebm n\u00eb kufirin Greqi-Shqip\u00ebri"},"content":{"rendered":"<p>N\u00eb nj\u00eb intervist\u00eb ekskluzive p\u00ebr Deutsche Welle, z\u00ebdh\u00ebn\u00ebsja e FRONTEX, Izabela Cooper, tha se numri i emigrant\u00ebve q\u00eb p\u00ebrdorin kufirin Greqi-Shqip\u00ebri p\u00ebr kalim t\u00eb paligjsh\u00ebm, \u00ebsht\u00eb dyfishuar, krahasuar me vitin e kaluar.<\/p>\n<p>N\u00eb maj t\u00eb k\u00ebtij viti, policia kufitare shqiptare dhe FRONTEX, Agjencia e Rojes Kufitare dhe Bregdetare e Bashkimit Europian nis\u00ebn patrullimin e p\u00ebrbashk\u00ebt n\u00eb kufirin e gjelb\u00ebr Shqip\u00ebri-Greqi. N\u00eb pikat e kalimit kufitar t\u00eb Kakavij\u00ebs n\u00eb Gjirokast\u00ebr dhe n\u00eb Kapshtic\u00eb t\u00eb Kor\u00e7\u00ebs, 50 oficer\u00eb policor\u00eb nga 11 vende t\u00eb BE-s\u00eb asistojn\u00eb policin\u00eb shqiptare p\u00ebr p\u00ebrballimin e val\u00ebs s\u00eb emigrant\u00ebve q\u00eb vijn\u00eb nga Greqia dhe p\u00ebrdorin si tranzit Shqip\u00ebrin\u00eb p\u00ebr n\u00eb vendet e Bashkimit Europian dhe p\u00ebr t\u00eb luftuar krimin nd\u00ebrkufitar. N\u00eb nj\u00eb intervist\u00eb ekskluzive p\u00ebr Deutsche Welle, z\u00ebdh\u00ebn\u00ebsja e FRONTEX, Izabela Cooper, thot\u00eb se numri i emigrant\u00ebve q\u00eb p\u00ebrdorin kufirin Greqi-Shqip\u00ebri p\u00ebr kalim t\u00eb paligjsh\u00ebm, \u00ebsht\u00eb rritur dyfish krahasuar me nj\u00eb vit m\u00eb par\u00eb.<\/p>\n<p><strong>Deutsche Welle: N\u00eb maj t\u00eb k\u00ebtij viti nisi operacioni i p\u00ebrbashk\u00ebt i patrullimit mes policis\u00eb kufitare shqiptare dhe FRONTEX, n\u00eb kufirin e gjelb\u00ebr Shqip\u00ebri-Greqi. Si ka qen\u00eb vijueshm\u00ebria e k\u00ebtij bashk\u00ebpunimi?<\/strong><\/p>\n<p><strong>Izabela Cooper:<\/strong>\u00a0Ky patrullim i p\u00ebrbashk\u00ebt ka shum\u00eb q\u00ebllime t\u00eb r\u00ebnd\u00ebsishme. Nj\u00eb nd\u00ebr to \u00ebsht\u00eb menaxhimi i val\u00ebs migratore por gjithashtu 50 oficer\u00ebt policor\u00eb t\u00eb FRONTEX asistojn\u00eb autoritetet shqiptare n\u00eb p\u00ebrballjen e nj\u00eb s\u00ebr\u00eb krimesh serioze nd\u00ebrkufitare si\u00e7 jan\u00eb terrorizmi, trafikimi i qenieve njer\u00ebzore, trafikimi i drog\u00ebrave, trafikimi i automjeteve dhe falsifikimi i dokumenteve. Dua t\u00eb theksoj se roli i FRONTEX nuk \u00ebsht\u00eb t\u00eb z\u00ebvend\u00ebsoj\u00eb por t\u2019i siguroj\u00eb mb\u00ebshtetje teknike shtes\u00eb autoriteteve shqiptare. Pra, n\u00eb t\u00eb gjitha aktivitetet tona policia kufitare shqiptare \u00ebsht\u00eb gjithmon\u00eb e pranishme n\u00eb terren: me makinat tona t\u00eb patrullimit dhe n\u00eb kontrollin kufitar.<\/p>\n<p><strong>DW: Shqip\u00ebria po p\u00ebrdoret si vend tranzit nga refugjat\u00ebt q\u00eb kan\u00eb si destinacion Europ\u00ebn Per\u00ebndimore. Cilat jan\u00eb vendet e origjin\u00ebs s\u00eb tyre?<\/strong><\/p>\n<div id=\"videoad\"><\/div>\n<div id=\"pa_1x1_psbk_1571398498851\"><\/div>\n<p><strong>Izabela Cooper:<\/strong>\u00a0Komb\u00ebsit\u00eb kryesore t\u00eb emigrant\u00ebve q\u00eb vijn\u00eb nga Greqia n\u00eb Shqip\u00ebri p\u00ebrfshijn\u00eb Irakun, Sirin\u00eb, Marokun, Pakistanin, Algjerin\u00eb dhe Palestin\u00ebn. Pjesa m\u00eb e madhe e k\u00ebtij grupi hyjn\u00eb n\u00eb Greqi p\u00ebrmes ult\u00ebsir\u00ebs s\u00eb lumit Evros, tok\u00ebs kufitare mes Turqis\u00eb dhe Greqis\u00eb. Pjesa tjet\u00ebr arrin p\u00ebrmes ishujve t\u00eb Egjeut dhe grupi i tret\u00eb jan\u00eb ata q\u00eb kan\u00eb jetuar n\u00eb Greqi p\u00ebr disa muaj dhe m\u00eb pas vendosin p\u00ebr t\u00eb vijuar m\u00eb tej p\u00ebr kushte m\u00eb t\u00eb mira ekonomike.<\/p>\n<p><strong>DW: Cilat jan\u00eb rezultatet e arritura deri tani nga ky patrullim i p\u00ebrbashk\u00ebt?<\/strong><\/p>\n<p><strong>Izabela Cooper:<\/strong>\u00a0Bashk\u00ebpunimi me Ballkanin Per\u00ebndimor \u00ebsht\u00eb shum\u00eb i r\u00ebnd\u00ebsish\u00ebm p\u00ebr ne, duke qen\u00eb se p\u00ebrb\u00ebn korridorin kryesor t\u00eb tranzitit q\u00eb p\u00ebrdorin emigrant\u00ebt q\u00eb vijn\u00eb nga Turqia, n\u00ebp\u00ebrmjet Greqis\u00eb. K\u00ebt\u00eb vit, deri tani, jan\u00eb sh\u00ebnuar dyfish m\u00eb shum\u00eb emigrant\u00eb q\u00eb hyjn\u00eb n\u00eb Shqip\u00ebri nga Greqia, krahasuar me t\u00eb nj\u00ebjt\u00ebn periudh\u00eb t\u00eb nj\u00eb viti m\u00eb par\u00eb. Q\u00eb nga nisja e k\u00ebtij operacioni, n\u00eb muajin maj t\u00eb k\u00ebtij viti, jan\u00eb regjistruar p\u00ebr kalim t\u00eb paligjsh\u00ebm t\u00eb kufirit 3500 emigrant\u00eb, nj\u00eb shif\u00ebr shum\u00eb dometh\u00ebn\u00ebse.<\/p>\n<p><strong>DW: Ka pasur nj\u00eb ulje apo rritje t\u00eb numrit t\u00eb k\u00ebtyre emigrant\u00ebve nga muaji n\u00eb muaj?<\/strong><\/p>\n<p><strong>Izabela Cooper:<\/strong>\u00a0Ne kemi regjistruar rritje t\u00eb ndjeshme. P\u00ebr t\u2019iu dh\u00ebn\u00eb nj\u00eb shembull konkret: n\u00eb muajin qershor t\u00eb k\u00ebtij viti u regjistruan 500 emigrant\u00eb t\u00eb paligjsh\u00ebm duke hyr\u00eb n\u00eb Shqip\u00ebri n\u00ebp\u00ebrmjet Greqis\u00eb. N\u00eb shtator, ky num\u00ebr u rrit n\u00eb 1300, p\u00ebr vet\u00ebm nj\u00eb muaj. Pra rritja \u00ebsht\u00eb e vazhdueshme dhe dometh\u00ebn\u00ebse.\/<strong>DW<\/strong><\/p>","protected":false},"excerpt":{"rendered":"<p>N\u00eb nj\u00eb intervist\u00eb ekskluzive p\u00ebr Deutsche Welle, z\u00ebdh\u00ebn\u00ebsja e FRONTEX, Izabela Cooper, tha se numri i emigrant\u00ebve q\u00eb p\u00ebrdorin kufirin Greqi-Shqip\u00ebri p\u00ebr kalim t\u00eb paligjsh\u00ebm, \u00ebsht\u00eb dyfishuar, krahasuar me vitin e kaluar. N\u00eb maj t\u00eb k\u00ebtij viti, policia kufitare shqiptare dhe FRONTEX, Agjencia e Rojes Kufitare dhe Bregdetare e Bashkimit Europian nis\u00ebn patrullimin e p\u00ebrbashk\u00ebt [&hellip;]<\/p>\n","protected":false},"author":2013,"featured_media":110938,"comment_status":"open","ping_status":"closed","sticky":false,"template":"","format":"standard","meta":{"footnotes":""},"categories":[241,235],"tags":[],"class_list":{"0":"post-110937","1":"post","2":"type-post","3":"status-publish","4":"format-standard","5":"has-post-thumbnail","7":"category-aktualitet","8":"category-vendi"},"_links":{"self":[{"href":"https:\/\/zjarr.tv\/en\/wp-json\/wp\/v2\/posts\/110937","targetHints":{"allow":["GET"]}}],"collection":[{"href":"https:\/\/zjarr.tv\/en\/wp-json\/wp\/v2\/posts"}],"about":[{"href":"https:\/\/zjarr.tv\/en\/wp-json\/wp\/v2\/types\/post"}],"author":[{"embeddable":true,"href":"https:\/\/zjarr.tv\/en\/wp-json\/wp\/v2\/users\/2013"}],"replies":[{"embeddable":true,"href":"https:\/\/zjarr.tv\/en\/wp-json\/wp\/v2\/comments?post=110937"}],"version-history":[{"count":0,"href":"https:\/\/zjarr.tv\/en\/wp-json\/wp\/v2\/posts\/110937\/revisions"}],"wp:featuredmedia":[{"embeddable":true,"href":"https:\/\/zjarr.tv\/en\/wp-json\/wp\/v2\/media\/110938"}],"wp:attachment":[{"href":"https:\/\/zjarr.tv\/en\/wp-json\/wp\/v2\/media?parent=110937"}],"wp:term":[{"taxonomy":"category","embeddable":true,"href":"https:\/\/zjarr.tv\/en\/wp-json\/wp\/v2\/categories?post=110937"},{"taxonomy":"post_tag","embeddable":true,"href":"https:\/\/zjarr.tv\/en\/wp-json\/wp\/v2\/tags?post=110937"}],"curies":[{"name":"wp","href":"https:\/\/api.w.org\/{rel}","templated":true}]}}