{"id":110940,"date":"2019-10-18T13:36:44","date_gmt":"2019-10-18T11:36:44","guid":{"rendered":"https:\/\/zjarr.tv\/?p=110940"},"modified":"2019-10-18T13:36:44","modified_gmt":"2019-10-18T11:36:44","slug":"rrezik-per-destabilizim-hahn-lideret-e-be-nuk-dakordesohen-per-hapjen-e-negociatave-me-shqiperine-dhe-maqedonine-e-veriut","status":"publish","type":"post","link":"https:\/\/zjarr.tv\/en\/rrezik-per-destabilizim-hahn-lideret-e-be-nuk-dakordesohen-per-hapjen-e-negociatave-me-shqiperine-dhe-maqedonine-e-veriut\/","title":{"rendered":"\u201cRrezik p\u00ebr destabilizim\u201d, Hahn: Lider\u00ebt e BE nuk dakord\u00ebsohen p\u00ebr hapjen e negociatave me Shqip\u00ebrin\u00eb dhe Maqedonin\u00eb e Veriut"},"content":{"rendered":"<p>Komisioneri Johannes Hahn jep zyrtarisht lajmin e hidhur p\u00ebr Shqip\u00ebrin\u00eb dhe Maqedonin\u00eb e Veriut.<\/p>\n<p>P\u00ebrmes nj\u00eb mesazhi n\u00eb \u201cTwitter\u201d, Hahn deklaron se lider\u00ebt e BE nuk kan\u00eb arritur dakord\u00ebsimin p\u00ebr hapjen e negociatave t\u00eb dy vendeve ballkanike, duke e cil\u00ebsuar k\u00ebt\u00eb nj\u00eb \u201czhg\u00ebnjim ekstrem\u201d.<\/p>\n<p>\u201cUdh\u00ebheq\u00ebsit e BE nuk arrit\u00ebn t\u00eb dakord\u00ebsohen p\u00ebr hapjen e negociatave t\u00eb Shqip\u00ebris\u00eb dhe Maqedonis\u00eb s\u00eb Veriut n\u00eb Europ\u00eb. Kjo \u00ebsht\u00eb tregoi nj\u00eb zhg\u00ebnjim ekstrem. Vendet e BE tani duhet t\u00eb sqarojn\u00eb se sa serioz \u00ebsht\u00eb angazhimi i tyre p\u00ebr integrimin e Ballkanit Per\u00ebndimor. Ky nuk \u00ebsht\u00eb moment lavdie p\u00ebr Evrop\u00ebn.<\/p>\n<p>Refuzimi i zgjerimit do t\u00eb ket\u00eb pasoja negative, p\u00ebrfshir\u00eb edhe rrezikun p\u00ebr destabilizimin e Ballkanit Per\u00ebndimor, q\u00eb do t\u00eb ket\u00eb ndikim t\u00eb plot\u00eb n\u00eb gjith\u00eb Evrop\u00ebn. Fal\u00ebnderoj t\u00eb gjith\u00eb ata q\u00eb nat\u00ebn e kaluar b\u00ebn\u00eb gjith\u00e7ka p\u00ebr t\u00eb arritur nj\u00eb vendim me r\u00ebnd\u00ebsi t\u00eb madhe dhe strategjik p\u00ebr Evrop\u00ebn, si dhe luftuan p\u00ebr t\u00eb d\u00ebrguar sinjale shprese te qytetar\u00ebt e Ballkanit Per\u00ebndimor. \u00cbsht\u00eb p\u00ebrgjegj\u00ebsia jon\u00eb tani t\u00eb q\u00ebndrojm\u00eb me vendet, qytetar\u00ebt e t\u00eb cil\u00ebve jan\u00eb t\u00eb zhg\u00ebnjyer me t\u00eb drejt\u00eb. Do vazhdoj t\u00eb b\u00ebj gjith\u00e7ka p\u00ebr t\u2019i mb\u00ebshtetur ata me forc\u00eb\u201d, shkruan Johannes Hahn.<\/p>\n<div class=\"galery-slider\">\n<ul class=\"slides\">\n<li class=\"flex-slider-item flex-active-slide\"><a href=\"https:\/\/balkanweb.com\/wp-content\/uploads\/2019\/10\/Capture-49.jpg\" rel=\"lightbox\"><img decoding=\"async\" draggable=\"false\" src=\"https:\/\/balkanweb.com\/wp-content\/uploads\/2019\/10\/Capture-49.jpg\" alt=\"foto galeri \" \/><\/a><\/li>\n<\/ul>\n<\/div>\n<p>&nbsp;<\/p>","protected":false},"excerpt":{"rendered":"<p>Komisioneri Johannes Hahn jep zyrtarisht lajmin e hidhur p\u00ebr Shqip\u00ebrin\u00eb dhe Maqedonin\u00eb e Veriut. P\u00ebrmes nj\u00eb mesazhi n\u00eb \u201cTwitter\u201d, Hahn deklaron se lider\u00ebt e BE nuk kan\u00eb arritur dakord\u00ebsimin p\u00ebr hapjen e negociatave t\u00eb dy vendeve ballkanike, duke e cil\u00ebsuar k\u00ebt\u00eb nj\u00eb \u201czhg\u00ebnjim ekstrem\u201d. \u201cUdh\u00ebheq\u00ebsit e BE nuk arrit\u00ebn t\u00eb dakord\u00ebsohen p\u00ebr hapjen e negociatave [&hellip;]<\/p>\n","protected":false},"author":2013,"featured_media":62692,"comment_status":"open","ping_status":"closed","sticky":false,"template":"","format":"standard","meta":{"footnotes":""},"categories":[241,235],"tags":[],"class_list":{"0":"post-110940","1":"post","2":"type-post","3":"status-publish","4":"format-standard","5":"has-post-thumbnail","7":"category-aktualitet","8":"category-vendi"},"_links":{"self":[{"href":"https:\/\/zjarr.tv\/en\/wp-json\/wp\/v2\/posts\/110940","targetHints":{"allow":["GET"]}}],"collection":[{"href":"https:\/\/zjarr.tv\/en\/wp-json\/wp\/v2\/posts"}],"about":[{"href":"https:\/\/zjarr.tv\/en\/wp-json\/wp\/v2\/types\/post"}],"author":[{"embeddable":true,"href":"https:\/\/zjarr.tv\/en\/wp-json\/wp\/v2\/users\/2013"}],"replies":[{"embeddable":true,"href":"https:\/\/zjarr.tv\/en\/wp-json\/wp\/v2\/comments?post=110940"}],"version-history":[{"count":0,"href":"https:\/\/zjarr.tv\/en\/wp-json\/wp\/v2\/posts\/110940\/revisions"}],"wp:featuredmedia":[{"embeddable":true,"href":"https:\/\/zjarr.tv\/en\/wp-json\/wp\/v2\/media\/62692"}],"wp:attachment":[{"href":"https:\/\/zjarr.tv\/en\/wp-json\/wp\/v2\/media?parent=110940"}],"wp:term":[{"taxonomy":"category","embeddable":true,"href":"https:\/\/zjarr.tv\/en\/wp-json\/wp\/v2\/categories?post=110940"},{"taxonomy":"post_tag","embeddable":true,"href":"https:\/\/zjarr.tv\/en\/wp-json\/wp\/v2\/tags?post=110940"}],"curies":[{"name":"wp","href":"https:\/\/api.w.org\/{rel}","templated":true}]}}