{"id":110942,"date":"2019-10-18T13:37:33","date_gmt":"2019-10-18T11:37:33","guid":{"rendered":"https:\/\/zjarr.tv\/?p=110942"},"modified":"2019-10-18T13:37:33","modified_gmt":"2019-10-18T11:37:33","slug":"askush-nuk-na-nxjerr-nga-ajo-familje-brace-per-negociatat-i-perkasim-evropes-qe-nga-koha-e-skenderbeut","status":"publish","type":"post","link":"https:\/\/zjarr.tv\/en\/askush-nuk-na-nxjerr-nga-ajo-familje-brace-per-negociatat-i-perkasim-evropes-qe-nga-koha-e-skenderbeut\/","title":{"rendered":"\u201cAskush nuk na nxjerr nga ajo familje\u201d, Bra\u00e7e p\u00ebr negociatat: I p\u00ebrkasim Evrop\u00ebs q\u00eb nga koha e Sk\u00ebnderbeut"},"content":{"rendered":"<p>\u201cAskush nuk e nxjerr Shqip\u00ebrin\u00eb nga familja europiane, pavar\u00ebsisht se kush \u00ebsht\u00eb, vendimmarr\u00ebs i madh, politikb\u00ebr\u00ebs i madh apo i ardhur nga an\u00ebt m\u00eb t\u00eb err\u00ebta t\u00eb racizmit, k\u00ebshtu ka deklaruar z\u00ebvend\u00ebs kryeministri Erion Brace, teksa pritet vendimi p\u00ebr \u00e7eljen ose jo t\u00eb negociatave t\u00eb BE me Shqip\u00ebrin\u00eb dhe Maqedonin\u00eb e Veriut.<\/p>\n<p>\u201cDo te ishim t\u00eb turp\u00ebruar dhe me kok\u00ebn posht\u00eb, para asaj Evrop\u00eb q\u00eb sot duhet t\u00eb vendos\u00eb p\u00ebr ne dhe pavar\u00ebsisht vendimit q\u00eb do t\u00eb marr\u00eb, ne jemi n\u00eb at\u00eb familje. I p\u00ebrkasim asaj familje, nuk na nxjerr m\u00eb askush nga ajo familje, pavar\u00ebsisht se \u00e7\u00ebsht\u00eb vendimmarr\u00ebs i madh dhe politik-b\u00ebr\u00ebs i madh apo i ardhur nga zg\u00ebqet me te err\u00ebta t\u00eb racizmit\u00a0 kund\u00ebr nj\u00eb pjese qe sot \u00ebsht\u00eb n\u00eb periferi t\u00eb Evrop\u00ebs dhe jo p\u00ebr fajin ton\u00eb . Kemi b\u00ebr\u00eb nj\u00eb zgjedhje t\u00eb shk\u00eblqyer para 75 vitesh, do t\u00eb vazhdojm\u00eb t\u2019i q\u00ebndrojm\u00eb asaj zgjedhje. Do vazhdojm\u00eb t\u2019i q\u00ebndrojm\u00eb kursit ton\u00eb n\u00eb Bashkimin Europian, do vazhdojm\u00eb t\u2019i q\u00ebndrojm\u00eb kursit ton\u00eb me Evrop\u00ebn me Per\u00ebndimin, p\u00ebr t\u00eb luftuar secilin prej fenomeneve q\u00eb edhe sot e k\u00ebsaj dite edhe vete Europa i lufton. Ne duam t\u00eb jemi pjes\u00eb e Evrop\u00ebs, kjo ka qen\u00eb zgjedhja jon\u00eb nd\u00ebr shekuj, q\u00eb nga Sk\u00ebnderbeu e me radh\u00eb deri te partizan\u00ebt e Luft\u00ebs Antifashiste Nacional \u00c7lirimtare\u201d-tha\u00a0 Erion Bra\u00e7e.<\/p>\n<p>K\u00ebto deklarata,\u00a0 z\u00ebvend\u00ebs kryeministri Erion Brace i b\u00ebri nga Lushnja ku mori pjes\u00eb n\u00eb festimet e 75-vjetorit t\u00eb \u00e7lirimit.<\/p>","protected":false},"excerpt":{"rendered":"<p>\u201cAskush nuk e nxjerr Shqip\u00ebrin\u00eb nga familja europiane, pavar\u00ebsisht se kush \u00ebsht\u00eb, vendimmarr\u00ebs i madh, politikb\u00ebr\u00ebs i madh apo i ardhur nga an\u00ebt m\u00eb t\u00eb err\u00ebta t\u00eb racizmit, k\u00ebshtu ka deklaruar z\u00ebvend\u00ebs kryeministri Erion Brace, teksa pritet vendimi p\u00ebr \u00e7eljen ose jo t\u00eb negociatave t\u00eb BE me Shqip\u00ebrin\u00eb dhe Maqedonin\u00eb e Veriut. \u201cDo te ishim [&hellip;]<\/p>\n","protected":false},"author":2013,"featured_media":69795,"comment_status":"open","ping_status":"closed","sticky":false,"template":"","format":"standard","meta":{"footnotes":""},"categories":[241,235],"tags":[],"class_list":{"0":"post-110942","1":"post","2":"type-post","3":"status-publish","4":"format-standard","5":"has-post-thumbnail","7":"category-aktualitet","8":"category-vendi"},"_links":{"self":[{"href":"https:\/\/zjarr.tv\/en\/wp-json\/wp\/v2\/posts\/110942","targetHints":{"allow":["GET"]}}],"collection":[{"href":"https:\/\/zjarr.tv\/en\/wp-json\/wp\/v2\/posts"}],"about":[{"href":"https:\/\/zjarr.tv\/en\/wp-json\/wp\/v2\/types\/post"}],"author":[{"embeddable":true,"href":"https:\/\/zjarr.tv\/en\/wp-json\/wp\/v2\/users\/2013"}],"replies":[{"embeddable":true,"href":"https:\/\/zjarr.tv\/en\/wp-json\/wp\/v2\/comments?post=110942"}],"version-history":[{"count":0,"href":"https:\/\/zjarr.tv\/en\/wp-json\/wp\/v2\/posts\/110942\/revisions"}],"wp:featuredmedia":[{"embeddable":true,"href":"https:\/\/zjarr.tv\/en\/wp-json\/wp\/v2\/media\/69795"}],"wp:attachment":[{"href":"https:\/\/zjarr.tv\/en\/wp-json\/wp\/v2\/media?parent=110942"}],"wp:term":[{"taxonomy":"category","embeddable":true,"href":"https:\/\/zjarr.tv\/en\/wp-json\/wp\/v2\/categories?post=110942"},{"taxonomy":"post_tag","embeddable":true,"href":"https:\/\/zjarr.tv\/en\/wp-json\/wp\/v2\/tags?post=110942"}],"curies":[{"name":"wp","href":"https:\/\/api.w.org\/{rel}","templated":true}]}}