{"id":110948,"date":"2019-10-18T13:44:32","date_gmt":"2019-10-18T11:44:32","guid":{"rendered":"https:\/\/zjarr.tv\/?p=110948"},"modified":"2019-10-18T13:44:32","modified_gmt":"2019-10-18T11:44:32","slug":"ambasadat-gjermane-pergatiten-per-fluksin-e-vizave","status":"publish","type":"post","link":"https:\/\/zjarr.tv\/en\/ambasadat-gjermane-pergatiten-per-fluksin-e-vizave\/","title":{"rendered":"Ambasadat gjermane p\u00ebrgatiten p\u00ebr fluksin e vizave"},"content":{"rendered":"<p>Shum\u00eb vet\u00eb nga Shqip\u00ebria e Kosova q\u00eb k\u00ebrkojn\u00eb nj\u00eb viz\u00eb pune realisht duhet t\u00eb st\u00ebrvisin durimin p\u00ebr shkak t\u00eb pritjes s\u00eb gjat\u00eb n\u00eb ambasadat gjermane. Ministria e Jashtme tani i thot\u00eb DW-s\u00eb se do t\u00eb ket\u00eb p\u00ebrmir\u00ebsime.<\/p>\n<p>Deri m\u00eb tani disa qindra mij\u00ebra pun\u00ebtor\u00eb nga vendet e Ballkanit Per\u00ebndimor kan\u00eb ardhur n\u00eb Gjermani t\u00eb punojn\u00eb p\u00ebrmes Rregullores s\u00eb Ballkanit t\u00eb qeveris\u00eb gjermane. Nga ekspert\u00ebt ajo shihet si sukses i madh q\u00eb po p\u00ebrmbush nevojat e tregut gjerman t\u00eb pun\u00ebs. Sipas Institutit t\u00eb Ekonomis\u00eb Gjermane (IW) n\u00eb fillim t\u00eb k\u00ebtij viti kan\u00eb qen\u00eb t\u00eb regjistruar af\u00ebr 100.000 vet\u00eb nga vendet e Ballkanit Per\u00ebndimor q\u00eb punojn\u00eb n\u00eb pun\u00eb t\u00eb thjeshta n\u00eb Gjermani dhe 60.000 t\u00eb tjer\u00eb q\u00eb kan\u00eb gjetur pun\u00eb t\u00eb kualifikuara. Por kjo rregullore e posa\u00e7me e qeveris\u00eb gjermane, e cila u ofrua si mund\u00ebsi p\u00ebr t\u00eb reduktuar numrin e refugjat\u00ebve nga vendet e Ballkanit n\u00eb vitin 2015, p\u00ebrfundon n\u00eb vitin 2020.<\/p>\n<p>M\u00eb 1 janar pritet t\u00eb hyj\u00eb n\u00eb fuqi ligji gjerman p\u00ebr fuqin\u00eb pun\u00ebtore, i cili rregullon me detaje ardhjen e fuqis\u00eb pun\u00ebtore nga vendet jasht\u00eb BE-s\u00eb. P\u00ebr her\u00eb t\u00eb par\u00eb mund t\u00eb vish n\u00eb Gjermani edhe me nj\u00eb viz\u00eb 6 mujore p\u00ebr t\u00eb k\u00ebrkuar pun\u00eb duke i mbuluar personalisht shpenzimet p\u00ebr k\u00ebt\u00eb periudh\u00eb. P\u00ebrve\u00e7 k\u00ebsaj t\u00eb rinjt\u00eb n\u00ebn mosh\u00ebn 25 vje\u00e7 q\u00eb kan\u00eb mbaruar shkoll\u00ebn, mund t\u00eb vijn\u00eb p\u00ebr t\u00eb k\u00ebrkuar nj\u00eb vend kualifikimi p\u00ebr deri n\u00eb gjasht\u00eb muaj, n\u00ebse matura e tyre i kualifikon p\u00ebr shkoll\u00eb t\u00eb lart\u00eb, n\u00ebse njohin gjermanishten n\u00eb nivelin B2 dhe e sigurojn\u00eb vet\u00eb jetes\u00ebn n\u00eb k\u00ebt\u00eb koh\u00eb.<\/p>\n<p><strong>Kritika p\u00ebr koh\u00ebzgjatjen e viz\u00ebs<\/strong><\/p>\n<p>Ligji ting\u00ebllon si nj\u00eb premtim i bukur, por si do t\u00eb arrish deri tek marrja e viz\u00ebs?Sepse megjith\u00ebse Gjermania po ndjek nj\u00eb politik\u00eb t\u00eb hapur n\u00eb drejtim t\u00eb sigurimit t\u00eb fuqis\u00eb pun\u00ebtore nga jasht\u00eb, realisht rruga e ardhjes si pun\u00ebtor i rregullt n\u00eb k\u00ebt\u00eb vend \u00ebsht\u00eb shum\u00eb e gjat\u00eb. Viza \u00ebsht\u00eb kthyer n\u00eb penges\u00ebn kryesore p\u00ebr ardhjen n\u00eb koh\u00eb t\u00eb fuqis\u00eb s\u00eb kualifikuar pun\u00ebtore p\u00ebr sip\u00ebrmarrjet gjermane. Deri n\u00eb nj\u00eb vit e m\u00eb shum\u00eb presin aplikuesit p\u00ebr viz\u00eb vet\u00ebm p\u00ebr marrjen e nj\u00eb orari p\u00ebr futjen e dokumenteve n\u00eb ambasadat gjermane n\u00eb vendet e Ballkanit.<\/p>\n<p>Dhoma Gjermane e Industris\u00eb dhe Tregtis\u00eb, (DIHK) e ka kritikuar s\u00eb fundmi fenomenin e tejzgjatur t\u00eb pritjes p\u00ebr viz\u00eb. Ekonomia gjermane ka pritshm\u00ebri t\u00eb larta nga ligji p\u00ebr ardhjen e fuqis\u00eb pun\u00ebtore, thuhet nga ky institucion. Shum\u00eb firma kan\u00eb probleme t\u00eb gjejn\u00eb fuqi pun\u00ebtore. Prandaj DIHK k\u00ebrkon q\u00eb &#8220;q\u00ebllimi duhet t\u00eb jet\u00eb shkurtimi i koh\u00ebs s\u00eb pritjes p\u00ebr nj\u00eb orar n\u00eb ambasad\u00eb dhe marrjen e viz\u00ebs nga sa \u00ebsht\u00eb tani nj\u00eb vit deri n\u00eb disa jav\u00eb&#8221;, citon gazeta gjermane, Frankfurter Allgemeine Zeitung, DIHK.<\/p>\n<p>Sipas presidentit t\u00eb DIHK, Erich Schweitzer, &#8220;sip\u00ebrmarrjet e k\u00ebtushme jan\u00eb t\u00eb varura nga ajo q\u00eb nga viti 2020 t\u00eb ket\u00eb v\u00ebrtet procedura t\u00eb p\u00ebrshpejtuara n\u00eb rekrutimin e fuqis\u00eb pun\u00ebtore nga vendet jasht\u00eb BE&#8221;. K\u00ebto shqet\u00ebsime t\u00eb Dhom\u00ebs Gjermane t\u00eb Tregtis\u00eb p\u00ebrkojn\u00eb me raportimet n\u00eb media, se n\u00eb vitet e ardhshme pritet ulje e fuqis\u00eb pun\u00ebtore nga vendet e BE. Ligji p\u00ebr fuqin\u00eb e kualifikuar pun\u00ebtore e parashikon edhe procedur\u00ebn e p\u00ebrshpejtuar p\u00ebr fuqin\u00eb pun\u00ebtore, n\u00ebse kjo k\u00ebrkohet nga pun\u00ebdh\u00ebn\u00ebsi.<\/p>\n<p><strong>Reagim nga Ministria e Jashtme<\/strong><\/p>\n<p>Deutsche Welle ka pyetur Ministrin\u00eb e Jashtme Gjermane, se \u00e7far\u00eb p\u00ebrgatitjesh po b\u00ebhen p\u00ebr p\u00ebrballimin e fluksit t\u00eb mundsh\u00ebm t\u00eb k\u00ebrkesave p\u00ebr viz\u00eb nga 1 janari 2020, kur hyn n\u00eb fuqi, ligji p\u00ebr fuqin\u00eb e kualifikuar pun\u00ebtore. Zyra e shtypit ka reaguar me nj\u00eb deklarat\u00eb ku thekson se &#8220;Ministria e Jashtme s\u00eb bashku me aktor\u00ebt e tjer\u00eb t\u00eb p\u00ebrfshir\u00eb n\u00eb procesin e viz\u00ebs po p\u00ebrgatitet intensivisht para hyrjes n\u00eb fuqi t\u00eb ligjit p\u00ebr fuqin\u00eb e kualifikuar pun\u00ebtore. Q\u00ebllimi i masave t\u00eb ndryshme jan\u00eb p\u00ebrmir\u00ebsime t\u00eb tjera n\u00eb drejtim t\u00eb eficienc\u00ebs dhe mir\u00ebsjelljes ndaj aplikuesve n\u00eb procesin e viz\u00ebs &#8211; kjo p\u00ebrmes zgjerimit t\u00eb kapaciteteve, digjitalizimit t\u00eb m\u00ebtejsh\u00ebm dhe masave konkrete p\u00ebr zvog\u00eblimin e procesit administrativ n\u00eb procedur\u00ebn e marrjes s\u00eb viz\u00ebs.&#8221;<\/p>\n<p>Shum\u00eb aplikues p\u00ebr nj\u00eb viz\u00eb pune n\u00eb ambasadat gjermane n\u00eb Tiran\u00eb dhe Prishtin\u00eb ankohen p\u00ebr procedurat e gjata q\u00eb rrezikojn\u00eb edhe vendin e pun\u00ebs q\u00eb ata kan\u00eb arritur t\u00eb gjejn\u00eb n\u00eb Gjermani. Nj\u00eb nga k\u00ebrkesat p\u00ebr marrjen e viz\u00ebs q\u00eb merr shum\u00eb koh\u00eb \u00ebsht\u00eb njohja e kualifikimit profesional.<\/p>\n<p>Sipas zyr\u00ebs s\u00eb shtypit t\u00eb Ministris\u00eb s\u00eb Jashtme Gjermane si rregull k\u00ebrkohet q\u00eb t\u00eb interesuarit t\u00eb ken\u00eb nj\u00eb njohje zyrtare t\u00eb profesionit e menj\u00ebher\u00eb pas k\u00ebsaj mund t\u00eb k\u00ebrkojn\u00eb viz\u00eb. Tani planifikohet t\u00eb ngrihet nj\u00eb zyr\u00eb qendrore sh\u00ebrbimi p\u00ebr fuqin\u00eb pun\u00ebtore q\u00eb k\u00ebrkon njohjen e kualifikimit. &#8220;Kjo qend\u00ebr sh\u00ebrbimi do t\u00eb k\u00ebshilloj\u00eb aplikuesit n\u00eb vendet ku jan\u00eb dhe do t&#8217;i shoq\u00ebroj\u00eb ata n\u00eb procedura p\u00ebrkat\u00ebse&#8221;, thuhet nga Ministria e Jashtme gjermane.<\/p>\n<p>Por n\u00ebse k\u00ebto masa do t\u00eb japin efekt konkret p\u00ebr shkurtimin e koh\u00ebs s\u00eb pritjes p\u00ebr marrjen e viz\u00ebs, k\u00ebt\u00eb do ta tregoj\u00eb viti i ardhsh\u00ebm. DIHK gjermane ka k\u00ebrkuar nd\u00ebrkoh\u00eb nga qeveria gjermane q\u00eb t\u00eb rris\u00eb personelin n\u00eb ambasadat gjermane dhe t\u00eb krijoj\u00eb kushtet p\u00ebr marrjen e fuqis\u00eb s\u00eb kualifikuar pun\u00ebtore nga jasht\u00eb.<\/p>","protected":false},"excerpt":{"rendered":"<p>Shum\u00eb vet\u00eb nga Shqip\u00ebria e Kosova q\u00eb k\u00ebrkojn\u00eb nj\u00eb viz\u00eb pune realisht duhet t\u00eb st\u00ebrvisin durimin p\u00ebr shkak t\u00eb pritjes s\u00eb gjat\u00eb n\u00eb ambasadat gjermane. Ministria e Jashtme tani i thot\u00eb DW-s\u00eb se do t\u00eb ket\u00eb p\u00ebrmir\u00ebsime. Deri m\u00eb tani disa qindra mij\u00ebra pun\u00ebtor\u00eb nga vendet e Ballkanit Per\u00ebndimor kan\u00eb ardhur n\u00eb Gjermani t\u00eb punojn\u00eb [&hellip;]<\/p>\n","protected":false},"author":2013,"featured_media":110949,"comment_status":"open","ping_status":"closed","sticky":false,"template":"","format":"standard","meta":{"footnotes":""},"categories":[241,235],"tags":[],"class_list":{"0":"post-110948","1":"post","2":"type-post","3":"status-publish","4":"format-standard","5":"has-post-thumbnail","7":"category-aktualitet","8":"category-vendi"},"_links":{"self":[{"href":"https:\/\/zjarr.tv\/en\/wp-json\/wp\/v2\/posts\/110948","targetHints":{"allow":["GET"]}}],"collection":[{"href":"https:\/\/zjarr.tv\/en\/wp-json\/wp\/v2\/posts"}],"about":[{"href":"https:\/\/zjarr.tv\/en\/wp-json\/wp\/v2\/types\/post"}],"author":[{"embeddable":true,"href":"https:\/\/zjarr.tv\/en\/wp-json\/wp\/v2\/users\/2013"}],"replies":[{"embeddable":true,"href":"https:\/\/zjarr.tv\/en\/wp-json\/wp\/v2\/comments?post=110948"}],"version-history":[{"count":0,"href":"https:\/\/zjarr.tv\/en\/wp-json\/wp\/v2\/posts\/110948\/revisions"}],"wp:featuredmedia":[{"embeddable":true,"href":"https:\/\/zjarr.tv\/en\/wp-json\/wp\/v2\/media\/110949"}],"wp:attachment":[{"href":"https:\/\/zjarr.tv\/en\/wp-json\/wp\/v2\/media?parent=110948"}],"wp:term":[{"taxonomy":"category","embeddable":true,"href":"https:\/\/zjarr.tv\/en\/wp-json\/wp\/v2\/categories?post=110948"},{"taxonomy":"post_tag","embeddable":true,"href":"https:\/\/zjarr.tv\/en\/wp-json\/wp\/v2\/tags?post=110948"}],"curies":[{"name":"wp","href":"https:\/\/api.w.org\/{rel}","templated":true}]}}