{"id":110952,"date":"2019-10-18T14:04:22","date_gmt":"2019-10-18T12:04:22","guid":{"rendered":"https:\/\/zjarr.tv\/?p=110952"},"modified":"2019-10-18T14:04:22","modified_gmt":"2019-10-18T12:04:22","slug":"zaev-nese-be-nuk-jep-date-per-negociatat-qeveria-ime-ka-vdekur","status":"publish","type":"post","link":"https:\/\/zjarr.tv\/en\/zaev-nese-be-nuk-jep-date-per-negociatat-qeveria-ime-ka-vdekur\/","title":{"rendered":"Zaev: N\u00ebse BE nuk jep dat\u00eb p\u00ebr negociatat, qeveria ime ka &#8216;vdekur&#8217;"},"content":{"rendered":"<p>N\u00ebse Maqedonia e Veriut nuk merr nj\u00eb dat\u00eb p\u00ebr negociatat me BE m\u00eb 18 tetor, qeveria mund t\u00eb shp\u00ebrb\u00ebhet.<\/p>\n<p>K\u00ebshtu ka deklaruar kryeministri Zoran Zaev p\u00ebr agjencin\u00eb serbe Tanjug.<\/p>\n<p><em>&#8220;N\u00ebse lider\u00ebt e shteteve an\u00ebtare t\u00eb BE-s\u00eb marrin nj\u00eb vendim negativ t\u00eb enjten ose t\u00eb premten p\u00ebr t\u00eb filluar negociatat ose n\u00ebse ata e shtyjn\u00eb at\u00eb vendim edhe nj\u00eb her\u00eb, qeveria jon\u00eb ka vdekur,&#8221; tha Zaev n\u00eb Vjen\u00eb.<\/em><\/p>\n<p>Duke folur p\u00ebr agjensin\u00eb serbe t\u00eb lajmeve Tanjug, Zaev thot\u00eb se vendi nuk ka asnj\u00eb alternative dhe se qeverit\u00eb e ardhshme do t\u00eb mbeten t\u00eb p\u00ebrqendruara n\u00eb BE. Ai tha se BE nuk mund t\u00eb pres\u00eb dialog nga Prishtina dhe Beogradi derisa t\u00eb vler\u00ebsoj\u00eb arritjet e Shkupit me Athin\u00ebn dhe Sofjen.<\/p>","protected":false},"excerpt":{"rendered":"<p>N\u00ebse Maqedonia e Veriut nuk merr nj\u00eb dat\u00eb p\u00ebr negociatat me BE m\u00eb 18 tetor, qeveria mund t\u00eb shp\u00ebrb\u00ebhet. K\u00ebshtu ka deklaruar kryeministri Zoran Zaev p\u00ebr agjencin\u00eb serbe Tanjug. &#8220;N\u00ebse lider\u00ebt e shteteve an\u00ebtare t\u00eb BE-s\u00eb marrin nj\u00eb vendim negativ t\u00eb enjten ose t\u00eb premten p\u00ebr t\u00eb filluar negociatat ose n\u00ebse ata e shtyjn\u00eb at\u00eb [&hellip;]<\/p>\n","protected":false},"author":2013,"featured_media":110953,"comment_status":"open","ping_status":"closed","sticky":false,"template":"","format":"standard","meta":{"footnotes":""},"categories":[241,2],"tags":[],"class_list":{"0":"post-110952","1":"post","2":"type-post","3":"status-publish","4":"format-standard","5":"has-post-thumbnail","7":"category-aktualitet","8":"category-rajoni"},"_links":{"self":[{"href":"https:\/\/zjarr.tv\/en\/wp-json\/wp\/v2\/posts\/110952","targetHints":{"allow":["GET"]}}],"collection":[{"href":"https:\/\/zjarr.tv\/en\/wp-json\/wp\/v2\/posts"}],"about":[{"href":"https:\/\/zjarr.tv\/en\/wp-json\/wp\/v2\/types\/post"}],"author":[{"embeddable":true,"href":"https:\/\/zjarr.tv\/en\/wp-json\/wp\/v2\/users\/2013"}],"replies":[{"embeddable":true,"href":"https:\/\/zjarr.tv\/en\/wp-json\/wp\/v2\/comments?post=110952"}],"version-history":[{"count":0,"href":"https:\/\/zjarr.tv\/en\/wp-json\/wp\/v2\/posts\/110952\/revisions"}],"wp:featuredmedia":[{"embeddable":true,"href":"https:\/\/zjarr.tv\/en\/wp-json\/wp\/v2\/media\/110953"}],"wp:attachment":[{"href":"https:\/\/zjarr.tv\/en\/wp-json\/wp\/v2\/media?parent=110952"}],"wp:term":[{"taxonomy":"category","embeddable":true,"href":"https:\/\/zjarr.tv\/en\/wp-json\/wp\/v2\/categories?post=110952"},{"taxonomy":"post_tag","embeddable":true,"href":"https:\/\/zjarr.tv\/en\/wp-json\/wp\/v2\/tags?post=110952"}],"curies":[{"name":"wp","href":"https:\/\/api.w.org\/{rel}","templated":true}]}}