{"id":110957,"date":"2019-10-18T14:06:07","date_gmt":"2019-10-18T12:06:07","guid":{"rendered":"https:\/\/zjarr.tv\/?p=110957"},"modified":"2019-10-18T14:06:07","modified_gmt":"2019-10-18T12:06:07","slug":"marreveshja-kosove-serbi-prioritet-strategjik-i-shba-se","status":"publish","type":"post","link":"https:\/\/zjarr.tv\/en\/marreveshja-kosove-serbi-prioritet-strategjik-i-shba-se\/","title":{"rendered":"Marr\u00ebveshja Kosov\u00eb-Serbi, prioritet strategjik i SHBA-s\u00eb"},"content":{"rendered":"<p>Prioritet strategjik p\u00ebr Shtetet e Bashkuara t\u00eb Amerik\u00ebs \u00ebsht\u00eb arritja e marr\u00ebveshjes s\u00eb paqes mes Kosov\u00ebs dhe Serbis\u00eb, ka th\u00ebn\u00eb David Kostelancik- z\u00ebvend\u00ebs i t\u00eb d\u00ebrguarit t\u00eb posa\u00e7\u00ebm p\u00ebr Ballkanin Per\u00ebndimor, Mathew Palmer. Kostelancik ka treguar edhe k\u00ebrkesat q\u00eb i jan\u00eb parashtruar lidershipit t\u00eb Kosov\u00ebs pas zgjedhjeve t\u00eb 6 tetorit.<\/p>\n<p>\u201cKosova sapo doli nga zgjedhjet dhe SHBA-ja ka shprehur tek lider\u00ebt e t\u00eb gjitha partive shpres\u00ebn dhe pritjen se do t\u00eb formojn\u00eb nj\u00eb qeveri pro dialogut, e gatshme p\u00ebr ta suspenduar taks\u00ebn, e cila e ka bllokuar procesin\u201d, ka th\u00ebn\u00eb Kostelancik t\u00eb enjten, n\u00eb Forumin e Siguris\u00eb n\u00eb Beograd, i cili nj\u00ebher\u00ebsh \u00ebsht\u00eb drejtor i Zyr\u00ebs p\u00ebr Evrop\u00ebn Jugore dhe Qendrore, shkruan sot \u201cKoha Ditore\u201d.<\/p>\n<p>Teksa ka theksuar domosdoshm\u00ebrin\u00eb e njohjes s\u00eb nd\u00ebrsjell\u00eb mes dy vendeve, Kostelancik ka shtuar se SHBA-ja gjithmon\u00eb do t\u00eb q\u00ebndroj\u00eb n\u00eb mbrojtje t\u00eb sovranitetit t\u00eb Kosov\u00ebs. Sipas tij, kampanja e Serbis\u00eb p\u00ebr t\u2019ia anuluar njohjet dhe p\u00ebr ta penguar an\u00ebtar\u00ebsimin e Kosov\u00ebs n\u00eb organizata nd\u00ebrkomb\u00ebtare \u00ebsht\u00eb duke d\u00ebmtuar p\u00ebrpjekjet rreth dialogut dhe arritjen e rezultateve.<\/p>\n<p>\u201cPrandaj ajo duhet t\u2019i ndal\u00eb k\u00ebto veprime. T\u00eb dyja e kan\u00eb v\u00ebmendjen e plot\u00eb dhe p\u00ebrkushtimin e SHBA-s\u00eb p\u00ebr arritjen e marr\u00ebveshjes. Nuk duhet t\u00eb humbet mund\u00ebsia p\u00ebr njohje reciproke dhe nj\u00eb marr\u00ebveshje ligj\u00ebrisht e pranueshme e mund\u00ebson paqen e q\u00ebndrueshme\u201d, ka theksuar diplomati amerikan.<\/p>","protected":false},"excerpt":{"rendered":"<p>Prioritet strategjik p\u00ebr Shtetet e Bashkuara t\u00eb Amerik\u00ebs \u00ebsht\u00eb arritja e marr\u00ebveshjes s\u00eb paqes mes Kosov\u00ebs dhe Serbis\u00eb, ka th\u00ebn\u00eb David Kostelancik- z\u00ebvend\u00ebs i t\u00eb d\u00ebrguarit t\u00eb posa\u00e7\u00ebm p\u00ebr Ballkanin Per\u00ebndimor, Mathew Palmer. Kostelancik ka treguar edhe k\u00ebrkesat q\u00eb i jan\u00eb parashtruar lidershipit t\u00eb Kosov\u00ebs pas zgjedhjeve t\u00eb 6 tetorit. \u201cKosova sapo doli nga zgjedhjet [&hellip;]<\/p>\n","protected":false},"author":2013,"featured_media":110958,"comment_status":"open","ping_status":"closed","sticky":false,"template":"","format":"standard","meta":{"footnotes":""},"categories":[241,2],"tags":[],"class_list":{"0":"post-110957","1":"post","2":"type-post","3":"status-publish","4":"format-standard","5":"has-post-thumbnail","7":"category-aktualitet","8":"category-rajoni"},"_links":{"self":[{"href":"https:\/\/zjarr.tv\/en\/wp-json\/wp\/v2\/posts\/110957","targetHints":{"allow":["GET"]}}],"collection":[{"href":"https:\/\/zjarr.tv\/en\/wp-json\/wp\/v2\/posts"}],"about":[{"href":"https:\/\/zjarr.tv\/en\/wp-json\/wp\/v2\/types\/post"}],"author":[{"embeddable":true,"href":"https:\/\/zjarr.tv\/en\/wp-json\/wp\/v2\/users\/2013"}],"replies":[{"embeddable":true,"href":"https:\/\/zjarr.tv\/en\/wp-json\/wp\/v2\/comments?post=110957"}],"version-history":[{"count":0,"href":"https:\/\/zjarr.tv\/en\/wp-json\/wp\/v2\/posts\/110957\/revisions"}],"wp:featuredmedia":[{"embeddable":true,"href":"https:\/\/zjarr.tv\/en\/wp-json\/wp\/v2\/media\/110958"}],"wp:attachment":[{"href":"https:\/\/zjarr.tv\/en\/wp-json\/wp\/v2\/media?parent=110957"}],"wp:term":[{"taxonomy":"category","embeddable":true,"href":"https:\/\/zjarr.tv\/en\/wp-json\/wp\/v2\/categories?post=110957"},{"taxonomy":"post_tag","embeddable":true,"href":"https:\/\/zjarr.tv\/en\/wp-json\/wp\/v2\/tags?post=110957"}],"curies":[{"name":"wp","href":"https:\/\/api.w.org\/{rel}","templated":true}]}}