{"id":110960,"date":"2019-10-18T14:07:01","date_gmt":"2019-10-18T12:07:01","guid":{"rendered":"https:\/\/zjarr.tv\/?p=110960"},"modified":"2019-10-18T14:07:01","modified_gmt":"2019-10-18T12:07:01","slug":"be-ja-denon-transferimin-e-dhunshem-te-migranteve-ne-bosnje","status":"publish","type":"post","link":"https:\/\/zjarr.tv\/en\/be-ja-denon-transferimin-e-dhunshem-te-migranteve-ne-bosnje\/","title":{"rendered":"BE-ja d\u00ebnon transferimin e dhunsh\u00ebm t\u00eb migrant\u00ebve n\u00eb Bosnje"},"content":{"rendered":"<p>Bashkimi Evropian e d\u00ebnoi transferimin e dhunsh\u00ebm t\u00eb qindra migrant\u00ebve n\u00eb kampin Vu\u00e7jak, pran\u00eb qytetit Bihaq t\u00eb Bosnj\u00ebs, dhe u b\u00ebri thirrje autoriteteve q\u00eb ta ndalojn\u00eb praktik\u00ebn e till\u00eb.<\/p>\n<p>Delegacioni i BE-s\u00eb n\u00eb Bosnje takoi t\u00eb premten zyrtar\u00ebt lokal\u00eb.<\/p>\n<p>&#8220;N\u00eb bisedat tona me autoritetet p\u00ebrkat\u00ebse e kemi b\u00ebr\u00eb t\u00eb qart\u00eb se kampi Vu\u00e7jak duhet t\u00eb mbyllet. Jo vet\u00ebm q\u00eb \u00ebsht\u00eb nj\u00eb vend i pasigurt, por edhe i padenj\u00eb&#8221;, tha p\u00ebrmes nj\u00eb deklarate delegacioni i BE-s\u00eb.<\/p>\n<p>Autoritetet n\u00eb Bosnje jan\u00eb p\u00ebrballur vazhdimisht me kritika nga grupet e t\u00eb drejtave t\u00eb njeriut p\u00ebr shkak t\u00eb kushteve n\u00eb kampin Vu\u00e7jak, i cili ndodhet n\u00eb af\u00ebrsi t\u00eb nj\u00eb zone me mina, q\u00eb kan\u00eb mbetur nga lufta e viteve 1992-95.<\/p>\n<p>P\u00ebrkund\u00ebr k\u00ebsaj, policia ka zhvendosur k\u00ebt\u00eb jav\u00eb n\u00eb Vu\u00e7jak qindra migrant\u00eb q\u00eb jetonin n\u00eb nd\u00ebrtesa t\u00eb braktisura dhe hap\u00ebsira publike.<\/p>\n<p>Kryetari i Bihaqit, Suhret Fazliq, ka paralajm\u00ebruar se qyteti i tij nuk do t\u00eb mund t&#8217;ia dal\u00eb m\u00eb me mij\u00ebra njer\u00ebzit n\u00eb kamp.<\/p>\n<p>Delegacioni i Bashkimit Evropian tha se BE-ja \u00ebsht\u00eb e gatshme t\u00eb ofroj\u00eb ndihm\u00eb t\u00eb konsiderueshme p\u00ebr p\u00ebrmir\u00ebsimin e kushteve n\u00eb kampet ekzistuese n\u00eb Bosnje dhe rikujtoi se blloku, vitin e kaluar, ka ndar\u00eb 34 milion\u00eb euro p\u00ebr k\u00ebt\u00eb q\u00ebllim.<\/p>\n<p>Sipas Organizat\u00ebs Nd\u00ebrkomb\u00ebtare p\u00ebr Migrim, n\u00eb Bosnje aktualisht ndodhen 7,500 migrant\u00eb &#8211; kryesisht t\u00eb ikur nga luft\u00ebrat n\u00eb Lindjen e Mesme.<\/p>\n<p>Migrant\u00ebt q\u00eb synojn\u00eb t\u00eb arrijn\u00eb n\u00eb Evrop\u00eb, shpesh hyjn\u00eb n\u00eb Bosnje p\u00ebrpara se t\u00eb kalojn\u00eb n\u00eb Kroaci &#8211; vend an\u00ebtar i Bashkimit Evropian &#8211; dhe t\u00eb vazhdojn\u00eb m\u00eb pas m\u00eb n\u00eb per\u00ebndim.<\/p>","protected":false},"excerpt":{"rendered":"<p>Bashkimi Evropian e d\u00ebnoi transferimin e dhunsh\u00ebm t\u00eb qindra migrant\u00ebve n\u00eb kampin Vu\u00e7jak, pran\u00eb qytetit Bihaq t\u00eb Bosnj\u00ebs, dhe u b\u00ebri thirrje autoriteteve q\u00eb ta ndalojn\u00eb praktik\u00ebn e till\u00eb. Delegacioni i BE-s\u00eb n\u00eb Bosnje takoi t\u00eb premten zyrtar\u00ebt lokal\u00eb. &#8220;N\u00eb bisedat tona me autoritetet p\u00ebrkat\u00ebse e kemi b\u00ebr\u00eb t\u00eb qart\u00eb se kampi Vu\u00e7jak duhet t\u00eb [&hellip;]<\/p>\n","protected":false},"author":2013,"featured_media":110961,"comment_status":"open","ping_status":"closed","sticky":false,"template":"","format":"standard","meta":{"footnotes":""},"categories":[241,2,235],"tags":[],"class_list":{"0":"post-110960","1":"post","2":"type-post","3":"status-publish","4":"format-standard","5":"has-post-thumbnail","7":"category-aktualitet","8":"category-rajoni","9":"category-vendi"},"_links":{"self":[{"href":"https:\/\/zjarr.tv\/en\/wp-json\/wp\/v2\/posts\/110960","targetHints":{"allow":["GET"]}}],"collection":[{"href":"https:\/\/zjarr.tv\/en\/wp-json\/wp\/v2\/posts"}],"about":[{"href":"https:\/\/zjarr.tv\/en\/wp-json\/wp\/v2\/types\/post"}],"author":[{"embeddable":true,"href":"https:\/\/zjarr.tv\/en\/wp-json\/wp\/v2\/users\/2013"}],"replies":[{"embeddable":true,"href":"https:\/\/zjarr.tv\/en\/wp-json\/wp\/v2\/comments?post=110960"}],"version-history":[{"count":0,"href":"https:\/\/zjarr.tv\/en\/wp-json\/wp\/v2\/posts\/110960\/revisions"}],"wp:featuredmedia":[{"embeddable":true,"href":"https:\/\/zjarr.tv\/en\/wp-json\/wp\/v2\/media\/110961"}],"wp:attachment":[{"href":"https:\/\/zjarr.tv\/en\/wp-json\/wp\/v2\/media?parent=110960"}],"wp:term":[{"taxonomy":"category","embeddable":true,"href":"https:\/\/zjarr.tv\/en\/wp-json\/wp\/v2\/categories?post=110960"},{"taxonomy":"post_tag","embeddable":true,"href":"https:\/\/zjarr.tv\/en\/wp-json\/wp\/v2\/tags?post=110960"}],"curies":[{"name":"wp","href":"https:\/\/api.w.org\/{rel}","templated":true}]}}