{"id":110976,"date":"2019-10-18T14:18:21","date_gmt":"2019-10-18T12:18:21","guid":{"rendered":"https:\/\/zjarr.tv\/?p=110976"},"modified":"2019-10-18T14:18:21","modified_gmt":"2019-10-18T12:18:21","slug":"rama-ktheu-akademine-e-shkencave-ne-organizate-politike-pd-do-ankimojme-ne-kushtetuese-vendimin-per-gjinushin","status":"publish","type":"post","link":"https:\/\/zjarr.tv\/en\/rama-ktheu-akademine-e-shkencave-ne-organizate-politike-pd-do-ankimojme-ne-kushtetuese-vendimin-per-gjinushin\/","title":{"rendered":"\u201cRama ktheu Akademin\u00eb e Shkencave n\u00eb organizat\u00eb politike\u201d, PD: Do ankimojm\u00eb n\u00eb Kushtetuese vendimin p\u00ebr Gjinushin"},"content":{"rendered":"<p>Ish deputeti i PD-s\u00eb Luciano Boci ka reaguar p\u00ebrmes nj\u00eb deklarat\u00eb p\u00ebr mediat lidhur me mbledhjen e sotme n\u00eb Akademin\u00eb e Shkencave.<\/p>\n<p>\u201cEdi Rama, pasi i imponoi Akademis\u00eb s\u00eb Shkencave nj\u00eb ligj krejt\u00ebsisht sovjetik e antikushtetues, sot vuri n\u00eb krye Akademis\u00eb ministrin e fundit t\u00eb diktatur\u00ebs komuniste\u201d tha Boci nd\u00ebrsa shtoi se Gjinushi \u00ebsht\u00eb rr\u00ebzuar me dekret nga Presidenti, por Edi Rama, n\u00eb vend q\u00eb t\u00eb ik\u00eb bashk\u00eb me t\u00eb, kthen Akademin\u00eb e Shkencave n\u00eb nj\u00eb organizat\u00eb tjet\u00ebr politike<\/p>\n<p>\u201cEm\u00ebrimin e turpsh\u00ebm e t\u00eb paligjsh\u00ebm t\u00eb ushtarit t\u00eb Ram\u00ebs dhe Tom Doshit n\u00eb Akademin\u00eb e Shkencave, ne do ta ankimojm\u00eb n\u00eb Kushtetuese, sapo kjo gjykat\u00eb t\u00eb jet\u00eb funksionale.\u201d vijoi m\u00eb tej Boci.<\/p>\n<p><strong>Deklarata e Plot\u00eb:<\/strong><br \/>\nEdi Rama vazhdon t\u00eb uzurpoj\u00eb e t\u00eb pushtoj\u00eb institucionet e pavarura kushtetuese me kamikaz\u00ebt e tij politik\u00eb, duke ricikluar figura si Sk\u00ebnder Gjoinushi, q\u00eb i sh\u00ebrbyen regjimin komunist edhe gjat\u00eb r\u00ebnies s\u00eb tij.<br \/>\nPasi i imponoi Akademis\u00eb s\u00eb Shkencave nj\u00eb ligj krejt\u00ebsisht sovjetik dhe antikushtetues, ai sot vuri n\u00eb krye Akademis\u00eb ministrin e fundit t\u00eb diktatur\u00ebs komuniste, duke shkelur plot\u00ebsisht Kushtetut\u00ebn dhe Ligjin p\u00ebr Akademin\u00eb e Shkencave.<\/p>\n<div id=\"videoad\"><\/div>\n<div id=\"pa_1x1_psbk_1571401064512\"><\/div>\n<p>Em\u00ebrimi me dhun\u00eb i Sk\u00ebnder Gjinushit \u00ebsht\u00eb realizuar sot n\u00ebn presion politik. Ai \u00ebsht\u00eb nj\u00eb regres shkencor, moral dhe politik, nj\u00eb uzurpim n\u00eb grup i nj\u00eb posti publik.<br \/>\nSk\u00ebnder Gjinushi \u00ebsht\u00eb rr\u00ebzuar me dekret nga Presidenti i Republik\u00ebs, por Edi Rama, n\u00eb vend q\u00eb t\u00eb ik\u00eb bashk\u00eb me t\u00eb, p\u00ebr d\u00ebshtimin e tij personal me negociatat, kthen Akademin\u00eb e Shkencave n\u00eb nj\u00eb organizat\u00eb tjet\u00ebr politike.<br \/>\nN\u00eb krye t\u00eb Akademis\u00eb s\u00eb Shkencave nuk mund t\u00eb em\u00ebrohet nj\u00eb person me angazhim t\u00eb qart\u00eb politik, nj\u00eb person pa asnj\u00eb kontribut shkencor, nj\u00eb person i cili, p\u00ebrve\u00e7 mend\u00ebsis\u00eb komuniste, n\u00ebnshtrimit ndaj Edi Ram\u00ebs dhe Tom Doshit, nuk nuk mund prodhoj\u00eb asgj\u00eb shkencore e bashk\u00ebkohore.<br \/>\nKryesia e Akademis\u00eb ka bashk\u00ebpunuar dhe pranuar t\u00eb p\u00ebrdoret p\u00ebr t\u00eb kryer k\u00ebt\u00eb em\u00ebrim t\u00ebr\u00ebsisht antiligjor, duke marr\u00eb mbi vete t\u00eb gjitha p\u00ebrgjegj\u00ebsite ligjore dhe morale p\u00ebrpara opinionit shoq\u00ebror dhe kombit.<br \/>\nP\u00ebr t\u00eb zbatuar porosin\u00eb politike t\u00eb Edi Ram\u00ebs, kryesia em\u00ebroi Gjinushin duke i dh\u00ebn\u00eb fuqi prapavepruese ligjit t\u00eb ri t\u00eb Akademis\u00eb s\u00eb Shkencave p\u00ebr nj\u00eb proces t\u00eb p\u00ebrfunduar me ligjin e vjet\u00ebr.<br \/>\nEm\u00ebrimi i paligjsh\u00ebm i Sk\u00ebnder Gjinushit n\u00eb krye t\u00eb Akademis\u00eb s\u00eb Shkencave shkallmon shtetin ligjor pik\u00ebrisht atje ku duhej t\u00eb ishte sht\u00ebpia e s\u00eb drejt\u00ebs, sht\u00ebpia e dijes dhe e elit\u00ebs s\u00eb kombit.<br \/>\nPartia Demokratike kund\u00ebrshton me forc\u00eb k\u00ebt\u00eb uzurpim t\u00eb Akademis\u00eb s\u00eb Shkencave nga Edi Rama dhe Sk\u00ebnder Gjinushi, si dhe d\u00ebnojm\u00eb \u00e7do nd\u00ebrhyrje politike n\u00eb Akademi.<br \/>\nEm\u00ebrimin e turpsh\u00ebm dhe t\u00eb paligjsh\u00ebm t\u00eb ushtarit t\u00eb Edi Ram\u00ebs dhe Tom Doshit n\u00eb Akademin\u00eb e Shkencave, ne do ta ankimojm\u00eb n\u00eb Gjykat\u00ebn Kushtetuese, sapo kjo gjykat\u00eb t\u00eb jet\u00eb funksionale.<\/p>","protected":false},"excerpt":{"rendered":"<p>Ish deputeti i PD-s\u00eb Luciano Boci ka reaguar p\u00ebrmes nj\u00eb deklarat\u00eb p\u00ebr mediat lidhur me mbledhjen e sotme n\u00eb Akademin\u00eb e Shkencave. \u201cEdi Rama, pasi i imponoi Akademis\u00eb s\u00eb Shkencave nj\u00eb ligj krejt\u00ebsisht sovjetik e antikushtetues, sot vuri n\u00eb krye Akademis\u00eb ministrin e fundit t\u00eb diktatur\u00ebs komuniste\u201d tha Boci nd\u00ebrsa shtoi se Gjinushi \u00ebsht\u00eb rr\u00ebzuar [&hellip;]<\/p>\n","protected":false},"author":2013,"featured_media":59429,"comment_status":"open","ping_status":"closed","sticky":false,"template":"","format":"standard","meta":{"footnotes":""},"categories":[241,235],"tags":[],"class_list":{"0":"post-110976","1":"post","2":"type-post","3":"status-publish","4":"format-standard","5":"has-post-thumbnail","7":"category-aktualitet","8":"category-vendi"},"_links":{"self":[{"href":"https:\/\/zjarr.tv\/en\/wp-json\/wp\/v2\/posts\/110976","targetHints":{"allow":["GET"]}}],"collection":[{"href":"https:\/\/zjarr.tv\/en\/wp-json\/wp\/v2\/posts"}],"about":[{"href":"https:\/\/zjarr.tv\/en\/wp-json\/wp\/v2\/types\/post"}],"author":[{"embeddable":true,"href":"https:\/\/zjarr.tv\/en\/wp-json\/wp\/v2\/users\/2013"}],"replies":[{"embeddable":true,"href":"https:\/\/zjarr.tv\/en\/wp-json\/wp\/v2\/comments?post=110976"}],"version-history":[{"count":0,"href":"https:\/\/zjarr.tv\/en\/wp-json\/wp\/v2\/posts\/110976\/revisions"}],"wp:featuredmedia":[{"embeddable":true,"href":"https:\/\/zjarr.tv\/en\/wp-json\/wp\/v2\/media\/59429"}],"wp:attachment":[{"href":"https:\/\/zjarr.tv\/en\/wp-json\/wp\/v2\/media?parent=110976"}],"wp:term":[{"taxonomy":"category","embeddable":true,"href":"https:\/\/zjarr.tv\/en\/wp-json\/wp\/v2\/categories?post=110976"},{"taxonomy":"post_tag","embeddable":true,"href":"https:\/\/zjarr.tv\/en\/wp-json\/wp\/v2\/tags?post=110976"}],"curies":[{"name":"wp","href":"https:\/\/api.w.org\/{rel}","templated":true}]}}