{"id":110983,"date":"2019-10-18T15:10:51","date_gmt":"2019-10-18T13:10:51","guid":{"rendered":"https:\/\/zjarr.tv\/?p=110983"},"modified":"2019-10-18T15:10:51","modified_gmt":"2019-10-18T13:10:51","slug":"negociatat-macron-flet-per-problemet-e-brendshme-te-be-shqiperia-ka-bere-reforma-te-medha-por-kjo-nuk-mjafton","status":"publish","type":"post","link":"https:\/\/zjarr.tv\/en\/negociatat-macron-flet-per-problemet-e-brendshme-te-be-shqiperia-ka-bere-reforma-te-medha-por-kjo-nuk-mjafton\/","title":{"rendered":"Negociatat\/ Macron flet p\u00ebr problemet e brendshme t\u00eb BE: Shqip\u00ebria ka b\u00ebr\u00eb reforma t\u00eb m\u00ebdha, por kjo nuk mjafton"},"content":{"rendered":"<p>Presidenti i Franc\u00ebs, Emmanuel Macron foli p\u00ebr mediat, ku tha se Shqip\u00ebria dhe Maqedonia e Veriut kan\u00eb b\u00ebr\u00eb progres dhe kan\u00eb nd\u00ebrmarr\u00eb reforma t\u00eb guximshme, por sipas tij, kjo nuk mjafton p\u00ebr nisjen e bisedimeve me familjen e madhe t\u00eb Bashkimit Europian.<\/p>\n<div id=\"sovrn\" class=\"desktop_ad ad_bottom_space\"><\/div>\n<p>\u201cPat\u00ebm nj\u00eb tem\u00eb p\u00ebr zgjerimin e BE, ishte nj\u00eb nd\u00ebr temat kryesore. Shqip\u00ebria po kalon n\u00eb disa reforma tm\u00ebdha. T\u00eb gjitha k\u00ebto reforma n\u00eb kuad\u00ebr t\u00eb emrit t\u00eb vendit t\u00eb tyre. ne e pranojm\u00eb se \u00ebsht\u00eb b\u00ebr\u00eb progres, por i gjith\u00eb progresi i duhur q\u00eb nuk \u00ebsht\u00eb ende, ka disa situata q\u00eb nuk jan\u00eb t\u00eb kontrolluara. Ka probleme me imigrimit. Diskutimi im ishte i dobish\u00ebm mbi t\u00eb gjith\u00eb mbi vizionin e Evrop\u00ebs. N\u00eb fakt BE\u00a0 ka disa probleme t\u00eb brendshme , por para se t\u00eb ndodh procesi i zgjerimi, ka nevoj\u00eb p\u00ebr reformim t\u00eb brendsh\u00ebm.<\/p>\n<p>N\u00eb fakt dihet se nuk iu hapim dyer, ndodhet nuk do t\u00eb k\u00ebt\u00eb p\u00ebrpjekje, por prap\u00eb kjo nuk mjafton. Dihet t\u00eb finalizojm\u00eb reformat tona. N\u00ebse ne do t\u00eb vijojm\u00eb me reform\u00ebn at\u00ebher\u00eb mund t\u00eb vijojm\u00eb m\u00eb procesin e zgjerimit, pasi nuk mjafton thjesht hapje e dyerve p\u00ebr k\u00ebt\u00eb vende,. Duhet par\u00eb q\u00eb ku q\u00ebndrojn\u00eb k\u00ebto vende q\u00eb k\u00ebrkojn\u00eb t\u00eb beh\u00ebn pjes\u00eb e BE. Duhet ti shohim k\u00ebto vende, q\u00eb jan\u00eb n\u00eb proces. Duhet par\u00eb m\u00eb tej se \u00e7far\u00eb duhet t\u00eb b\u00ebjm\u00eb me k\u00ebt\u00eb axhend\u00eb, Procesi duhet par\u00eb i gjithi. N\u00eb momentin q\u00eb n\u00eb t\u00eb hapim dyer, edhe ne mund t\u00eb na faj\u00ebsojm\u00eb n\u00eb lidhje me k\u00ebt\u00eb. Duhet t\u00eb riformojm\u00eb Evrop\u00ebn dhe na duhet nj\u00eb proces tjet\u00ebr, na duhet besueshm\u00ebri dhe strategji dhe k\u00ebto jan\u00eb komentet e mia q\u00eb doja ti ndaja me ju. M\u00ebngjesin e sotme patjet\u00ebr q\u00eb pat\u00ebm nj\u00eb sesion pune dhe diskutuam mbi rigjenerimin e komisionit t\u00eb ri\u201d-tha Macron.<\/p>\n<p>&nbsp;<\/p>","protected":false},"excerpt":{"rendered":"<p>Presidenti i Franc\u00ebs, Emmanuel Macron foli p\u00ebr mediat, ku tha se Shqip\u00ebria dhe Maqedonia e Veriut kan\u00eb b\u00ebr\u00eb progres dhe kan\u00eb nd\u00ebrmarr\u00eb reforma t\u00eb guximshme, por sipas tij, kjo nuk mjafton p\u00ebr nisjen e bisedimeve me familjen e madhe t\u00eb Bashkimit Europian. \u201cPat\u00ebm nj\u00eb tem\u00eb p\u00ebr zgjerimin e BE, ishte nj\u00eb nd\u00ebr temat kryesore. Shqip\u00ebria [&hellip;]<\/p>\n","protected":false},"author":2013,"featured_media":69441,"comment_status":"open","ping_status":"closed","sticky":false,"template":"","format":"standard","meta":{"footnotes":""},"categories":[241,235],"tags":[],"class_list":{"0":"post-110983","1":"post","2":"type-post","3":"status-publish","4":"format-standard","5":"has-post-thumbnail","7":"category-aktualitet","8":"category-vendi"},"_links":{"self":[{"href":"https:\/\/zjarr.tv\/en\/wp-json\/wp\/v2\/posts\/110983","targetHints":{"allow":["GET"]}}],"collection":[{"href":"https:\/\/zjarr.tv\/en\/wp-json\/wp\/v2\/posts"}],"about":[{"href":"https:\/\/zjarr.tv\/en\/wp-json\/wp\/v2\/types\/post"}],"author":[{"embeddable":true,"href":"https:\/\/zjarr.tv\/en\/wp-json\/wp\/v2\/users\/2013"}],"replies":[{"embeddable":true,"href":"https:\/\/zjarr.tv\/en\/wp-json\/wp\/v2\/comments?post=110983"}],"version-history":[{"count":0,"href":"https:\/\/zjarr.tv\/en\/wp-json\/wp\/v2\/posts\/110983\/revisions"}],"wp:featuredmedia":[{"embeddable":true,"href":"https:\/\/zjarr.tv\/en\/wp-json\/wp\/v2\/media\/69441"}],"wp:attachment":[{"href":"https:\/\/zjarr.tv\/en\/wp-json\/wp\/v2\/media?parent=110983"}],"wp:term":[{"taxonomy":"category","embeddable":true,"href":"https:\/\/zjarr.tv\/en\/wp-json\/wp\/v2\/categories?post=110983"},{"taxonomy":"post_tag","embeddable":true,"href":"https:\/\/zjarr.tv\/en\/wp-json\/wp\/v2\/tags?post=110983"}],"curies":[{"name":"wp","href":"https:\/\/api.w.org\/{rel}","templated":true}]}}