{"id":110987,"date":"2019-10-18T15:12:50","date_gmt":"2019-10-18T13:12:50","guid":{"rendered":"https:\/\/zjarr.tv\/?p=110987"},"modified":"2019-10-18T15:12:50","modified_gmt":"2019-10-18T13:12:50","slug":"pastrimi-jahollari-bashkive-merrni-masa-brenda-6-muajve-te-pare-te-2020","status":"publish","type":"post","link":"https:\/\/zjarr.tv\/en\/pastrimi-jahollari-bashkive-merrni-masa-brenda-6-muajve-te-pare-te-2020\/","title":{"rendered":"Pastrimi, Jahollari-bashkive: Merrni masa brenda 6 muajve t\u00eb par\u00eb t\u00eb 2020"},"content":{"rendered":"<p><em>N\u00eb p\u00ebrfundim t\u00eb sezonit turistik, prefektja e Tiran\u00ebs Suzana Jahollari mblodhi p\u00ebrfaq\u00ebsues t\u00eb 5 bashkive, t\u00eb cilave u k\u00ebrkoi q\u00eb brenda 6 mujorit t\u00eb par\u00eb t\u00eb 2020 tu japin zgjidhje pastrimit t\u00eb akseve nacionale, eliminimit t\u00eb qeseve plastike apo edhe derdhjes s\u00eb uj\u00ebrave t\u00eb zeza n\u00eb det.<\/em><\/p>\n<p>Ndotja, eliminimi i qeseve plastike dhe derdhja e uj\u00ebrave t\u00eb zeza n\u00eb bregdet jan\u00eb disa nga problemet q\u00eb shqet\u00ebsuan k\u00ebt\u00eb sezon turistik 5 nga bashkit\u00eb e qarkut t\u00eb Tiran\u00ebs.<\/p>\n<p>N\u00eb nj\u00eb takim me prefekten Suzana Jahollari, p\u00ebrfaq\u00ebsuesit e t\u00eb vendor\u00ebve diskutuan n\u00eb lidhje me masat e nevojshme q\u00eb duhet t\u00eb nd\u00ebrmerren.<\/p>\n<p>Prefektja Jahollari u k\u00ebrkoi atyre q\u00eb brenda 6 mujorit t\u00eb 2020 duhet nj\u00eb zgjidhje konkrete p\u00ebr k\u00ebto \u00e7\u00ebshtje.<\/p>\n<p><strong>Jahollari:<\/strong>\u00a0<em>Ka ardhur momenti q\u00eb gjithsecili t\u00eb b\u00ebj\u00eb detyr\u00ebn q\u00eb i takon. Pushteti vendor ka detyrat kryesore sa i p\u00ebrket mbajtje past\u00ebr, kontrollit t\u00eb territorit dhe p\u00ebr t\u00eb realizuar t\u00eb gjitha detyrimet q\u00eb kan\u00eb. Kjo duhet t\u00eb p\u00ebrfundoj\u00eb deri n\u00eb 6-mujorin e par\u00eb t\u00eb 2020. Vendet e depozitimit q\u00eb nuk jan\u00eb t\u00eb p\u00ebrcaktuara me ligj, por q\u00eb ju do ti konsideroni t\u00eb p\u00ebrkohshme.\u00a0<\/em><\/p>\n<p>Bashkia q\u00eb m\u00eb problematike ishte ajo e Kamz\u00ebs.<\/p>\n<p>Krer\u00ebve t\u00eb bashkis\u00eb iu k\u00ebrkua ngritja e grupeve t\u00eb pun\u00ebs p\u00ebr pastrimin komb\u00ebtar t\u00eb akseve nacionale.<\/p>","protected":false},"excerpt":{"rendered":"<p>N\u00eb p\u00ebrfundim t\u00eb sezonit turistik, prefektja e Tiran\u00ebs Suzana Jahollari mblodhi p\u00ebrfaq\u00ebsues t\u00eb 5 bashkive, t\u00eb cilave u k\u00ebrkoi q\u00eb brenda 6 mujorit t\u00eb par\u00eb t\u00eb 2020 tu japin zgjidhje pastrimit t\u00eb akseve nacionale, eliminimit t\u00eb qeseve plastike apo edhe derdhjes s\u00eb uj\u00ebrave t\u00eb zeza n\u00eb det. Ndotja, eliminimi i qeseve plastike dhe derdhja e [&hellip;]<\/p>\n","protected":false},"author":2013,"featured_media":110988,"comment_status":"open","ping_status":"closed","sticky":false,"template":"","format":"standard","meta":{"footnotes":""},"categories":[241,235],"tags":[],"class_list":{"0":"post-110987","1":"post","2":"type-post","3":"status-publish","4":"format-standard","5":"has-post-thumbnail","7":"category-aktualitet","8":"category-vendi"},"_links":{"self":[{"href":"https:\/\/zjarr.tv\/en\/wp-json\/wp\/v2\/posts\/110987","targetHints":{"allow":["GET"]}}],"collection":[{"href":"https:\/\/zjarr.tv\/en\/wp-json\/wp\/v2\/posts"}],"about":[{"href":"https:\/\/zjarr.tv\/en\/wp-json\/wp\/v2\/types\/post"}],"author":[{"embeddable":true,"href":"https:\/\/zjarr.tv\/en\/wp-json\/wp\/v2\/users\/2013"}],"replies":[{"embeddable":true,"href":"https:\/\/zjarr.tv\/en\/wp-json\/wp\/v2\/comments?post=110987"}],"version-history":[{"count":0,"href":"https:\/\/zjarr.tv\/en\/wp-json\/wp\/v2\/posts\/110987\/revisions"}],"wp:featuredmedia":[{"embeddable":true,"href":"https:\/\/zjarr.tv\/en\/wp-json\/wp\/v2\/media\/110988"}],"wp:attachment":[{"href":"https:\/\/zjarr.tv\/en\/wp-json\/wp\/v2\/media?parent=110987"}],"wp:term":[{"taxonomy":"category","embeddable":true,"href":"https:\/\/zjarr.tv\/en\/wp-json\/wp\/v2\/categories?post=110987"},{"taxonomy":"post_tag","embeddable":true,"href":"https:\/\/zjarr.tv\/en\/wp-json\/wp\/v2\/tags?post=110987"}],"curies":[{"name":"wp","href":"https:\/\/api.w.org\/{rel}","templated":true}]}}