{"id":110993,"date":"2019-10-18T16:01:53","date_gmt":"2019-10-18T14:01:53","guid":{"rendered":"https:\/\/zjarr.tv\/?p=110993"},"modified":"2019-10-18T16:01:53","modified_gmt":"2019-10-18T14:01:53","slug":"be-thote-jo-vasili-rama-ne-borxh-te-perjetshem-me-shqiptaret","status":"publish","type":"post","link":"https:\/\/zjarr.tv\/en\/be-thote-jo-vasili-rama-ne-borxh-te-perjetshem-me-shqiptaret\/","title":{"rendered":"BE thot\u00eb &#8216;JO&#8217;\/ Vasili: Rama n\u00eb borxh t\u00eb p\u00ebrjetsh\u00ebm me shqiptar\u00ebt"},"content":{"rendered":"<p>Edi Rama n\u00eb borxh t\u00eb p\u00ebrjetsh\u00ebm me shqiptar\u00ebt.<\/p>\n<p>K\u00ebshtu shprehet n\u00ebnkryetari i LSI, Petrit Vasili pas vendimit t\u00eb BE p\u00ebr t\u00eb mos \u00e7elur negociatat me Shqip\u00ebrin\u00eb.<\/p>\n<p>Sipas Vasilit, nj\u00eb zvarranik, si\u00e7 e quan ai Ram\u00ebn, nuk mund t\u00eb qeveris\u00eb Shqip\u00ebrin\u00eb e shqiponjave.<\/p>\n<div id=\"rekl-13\">\n<div id=\"__sap-ad-15\" class=\"__sap-ads __sap-html tracked\" data-title=\"Credins desktop 08\"><ins><\/p>\n<div id=\"beacon_260d607c9e\"><\/div>\n<p><\/ins><\/div>\n<\/div>\n<p>\u201cNegociatat nuk u hap\u00ebn p\u00ebr shkak t\u00eb nj\u00eb zvarraniku!<\/p>\n<p>Edi Rama ju hyri n\u00eb borxh p\u00ebrjet\u00eb shqiptar\u00ebve duke i l\u00ebn\u00eb jasht\u00eb Europ\u00ebs p\u00ebr shkak t\u00eb qeverisjes s\u00eb lig\u00eb dhe t\u00eb pis\u00ebt t\u00eb tij.<\/p>\n<p>Dhe ai zvarritet tek k\u00ebmb\u00ebt e thyera t\u00eb karrikes. Zvarritu, zvarritu Edi Rama!<\/p>\n<p>Po a mundet q\u00eb nj\u00eb zvarranik t\u00eb qeveris\u00eb m\u00eb Shqip\u00ebrin\u00eb e shqiponjave!\u201d, shkruan Vasili n\u00eb reagimin e tij.<\/p>","protected":false},"excerpt":{"rendered":"<p>Edi Rama n\u00eb borxh t\u00eb p\u00ebrjetsh\u00ebm me shqiptar\u00ebt. K\u00ebshtu shprehet n\u00ebnkryetari i LSI, Petrit Vasili pas vendimit t\u00eb BE p\u00ebr t\u00eb mos \u00e7elur negociatat me Shqip\u00ebrin\u00eb. Sipas Vasilit, nj\u00eb zvarranik, si\u00e7 e quan ai Ram\u00ebn, nuk mund t\u00eb qeveris\u00eb Shqip\u00ebrin\u00eb e shqiponjave. \u201cNegociatat nuk u hap\u00ebn p\u00ebr shkak t\u00eb nj\u00eb zvarraniku! Edi Rama ju hyri [&hellip;]<\/p>\n","protected":false},"author":2013,"featured_media":70162,"comment_status":"open","ping_status":"closed","sticky":false,"template":"","format":"standard","meta":{"footnotes":""},"categories":[241,235],"tags":[],"class_list":{"0":"post-110993","1":"post","2":"type-post","3":"status-publish","4":"format-standard","5":"has-post-thumbnail","7":"category-aktualitet","8":"category-vendi"},"_links":{"self":[{"href":"https:\/\/zjarr.tv\/en\/wp-json\/wp\/v2\/posts\/110993","targetHints":{"allow":["GET"]}}],"collection":[{"href":"https:\/\/zjarr.tv\/en\/wp-json\/wp\/v2\/posts"}],"about":[{"href":"https:\/\/zjarr.tv\/en\/wp-json\/wp\/v2\/types\/post"}],"author":[{"embeddable":true,"href":"https:\/\/zjarr.tv\/en\/wp-json\/wp\/v2\/users\/2013"}],"replies":[{"embeddable":true,"href":"https:\/\/zjarr.tv\/en\/wp-json\/wp\/v2\/comments?post=110993"}],"version-history":[{"count":0,"href":"https:\/\/zjarr.tv\/en\/wp-json\/wp\/v2\/posts\/110993\/revisions"}],"wp:featuredmedia":[{"embeddable":true,"href":"https:\/\/zjarr.tv\/en\/wp-json\/wp\/v2\/media\/70162"}],"wp:attachment":[{"href":"https:\/\/zjarr.tv\/en\/wp-json\/wp\/v2\/media?parent=110993"}],"wp:term":[{"taxonomy":"category","embeddable":true,"href":"https:\/\/zjarr.tv\/en\/wp-json\/wp\/v2\/categories?post=110993"},{"taxonomy":"post_tag","embeddable":true,"href":"https:\/\/zjarr.tv\/en\/wp-json\/wp\/v2\/tags?post=110993"}],"curies":[{"name":"wp","href":"https:\/\/api.w.org\/{rel}","templated":true}]}}