{"id":111015,"date":"2019-10-18T16:57:12","date_gmt":"2019-10-18T14:57:12","guid":{"rendered":"https:\/\/zjarr.tv\/?p=111015"},"modified":"2019-10-18T16:57:12","modified_gmt":"2019-10-18T14:57:12","slug":"gazetari-zbardh-debatin-brenda-ps-pas-doreheqjes-se-rames","status":"publish","type":"post","link":"https:\/\/zjarr.tv\/en\/gazetari-zbardh-debatin-brenda-ps-pas-doreheqjes-se-rames\/","title":{"rendered":"Gazetari &#8216;zbardh&#8217; debatin brenda PS pas dor\u00ebheqjes s\u00eb Ram\u00ebs"},"content":{"rendered":"<p>A do t\u00eb jap\u00eb dor\u00ebheqjen Edi Rama pas d\u00ebshtimit p\u00ebr hapjen e negociatave?<\/p>\n<p>Gazetari Agim Xhafka, i cili njihet p\u00ebr q\u00ebndrimet e tij ironike dhe thumbuese, \u201czbardh\u201d debatin brenda Rilindjes dhe Grupit Parlamentar t\u00eb PS.<\/p>\n<p><strong>Postimi i plot\u00eb i Agim Xhafk\u00ebs:<\/strong><\/p>\n<div id=\"rekl-13\">\n<div id=\"__sap-ad-15\" class=\"__sap-ads __sap-html tracked\" data-title=\"Credins desktop 08\"><ins><\/p>\n<div id=\"beacon_19e818644a\"><\/div>\n<p><\/ins><\/div>\n<\/div>\n<p>N\u00ebse Rama dor\u00ebhiqet sot e dini \u00e7\u2019ndodh nes\u00ebr?<\/p>\n<p><strong>Majko<\/strong>:-M\u00eb budalla nuk kisha ndeshur n\u00eb jet\u00ebn time. Ndaj i hapa rrug\u00eb kaq vjet.<\/p>\n<p><strong>Bra\u00e7e<\/strong>:-N\u00eb asnj\u00eb mbledhje qeverie nuk mori pjes\u00eb. Se s\u2019ia kishte haberin.<\/p>\n<p><strong>Shalsi<\/strong>:-Nuk vodhi me lezet si\u00e7 premtuam.<\/p>\n<p><strong>Spiropali<\/strong>:-Sk\u00ebnderbeut ky t\u2019i haj\u00eb kak\u00ebn. As kalit nuk iu afrua.<\/p>\n<p><strong>Ulsiu<\/strong>:-P\u00ebr pak mor\u00ebm me qaf\u00eb dhe Met\u00ebn.<\/p>\n<p><strong>Ulqini<\/strong>:-Nuk m\u00eb la t\u00eb flisja nj\u00ebher\u00eb pa do ia qr.<\/p>\n<p><strong>Ru\u00e7i<\/strong>:-M\u00eb vuri kryetar parlamenti pa m? pyetur. Arrogant dhe i trash\u00eb.<\/p>\n<p><strong>Xha\u00e7ka<\/strong>:-Shyqyr q\u00eb u prish\u00ebn radar\u00ebt se \u00e7do dy minuta fiki,fiki m\u00eb thosh.<\/p>\n<p><strong>Xhafaj:<\/strong>-Aq drog\u00eb sa kishte Surrelit nuk kishte as Durr\u00ebsi dhe as Vlora s\u00eb bashku.<\/p>\n<p><strong>Tualeti:<\/strong>-M\u00eb detyroi 6 vjet q\u00eb n\u00eb 5 fjal\u00eb t\u00eb thoja 6 g\u00ebnjeshtra.<\/p>\n<p><strong>Gjiknuri<\/strong>:-Burr\u00eb legen,vet\u00eb na thosh vidhni vota,pastaj na in\u00e7izonte dhe ia \u00e7onte kasetat prokuroris\u00eb.<\/p>\n<p><strong>Fino<\/strong>:-M\u2019u fry barku nga mashtrimet e tij.<\/p>\n<p><strong>Veliaj<\/strong>:-Na e mbushi Tiran\u00ebn me kulla. Ec e prishi tani.<\/p>\n<p><strong>Lleshi<\/strong>:-Hidhu gaz helmues f\u00ebmij\u00ebve,m\u00eb urdh\u00ebronte.<\/p>\n<p><strong>Balluku<\/strong>:-Shyqyr q\u00eb theu qaf\u00ebn se n\u00eb burg do p\u00ebrfundonim si parti.<\/p>\n<p><strong>Lame<\/strong>:-Donte t\u00eb merrte edhe tapit\u00eb e tokave t\u00eb Strug\u00ebs. Budalla i lindur.<\/p>\n<p><strong>Top-Channel<\/strong>:-U dor\u00ebhoq kryeministri m\u00eb i paaft\u00eb dhe mashtruesi m\u00eb i madh.<\/p>\n<p><strong>Klan<\/strong>:-Nga tani Shqip\u00ebria merr frym\u00eb lirisht.<\/p>\n<p><strong>Lorenci<\/strong>:-Nj\u00eb bq m\u00eb pak.<\/p>","protected":false},"excerpt":{"rendered":"<p>A do t\u00eb jap\u00eb dor\u00ebheqjen Edi Rama pas d\u00ebshtimit p\u00ebr hapjen e negociatave? Gazetari Agim Xhafka, i cili njihet p\u00ebr q\u00ebndrimet e tij ironike dhe thumbuese, \u201czbardh\u201d debatin brenda Rilindjes dhe Grupit Parlamentar t\u00eb PS. Postimi i plot\u00eb i Agim Xhafk\u00ebs: N\u00ebse Rama dor\u00ebhiqet sot e dini \u00e7\u2019ndodh nes\u00ebr? Majko:-M\u00eb budalla nuk kisha ndeshur n\u00eb [&hellip;]<\/p>\n","protected":false},"author":2013,"featured_media":41498,"comment_status":"open","ping_status":"closed","sticky":false,"template":"","format":"standard","meta":{"footnotes":""},"categories":[241,235],"tags":[],"class_list":{"0":"post-111015","1":"post","2":"type-post","3":"status-publish","4":"format-standard","5":"has-post-thumbnail","7":"category-aktualitet","8":"category-vendi"},"_links":{"self":[{"href":"https:\/\/zjarr.tv\/en\/wp-json\/wp\/v2\/posts\/111015","targetHints":{"allow":["GET"]}}],"collection":[{"href":"https:\/\/zjarr.tv\/en\/wp-json\/wp\/v2\/posts"}],"about":[{"href":"https:\/\/zjarr.tv\/en\/wp-json\/wp\/v2\/types\/post"}],"author":[{"embeddable":true,"href":"https:\/\/zjarr.tv\/en\/wp-json\/wp\/v2\/users\/2013"}],"replies":[{"embeddable":true,"href":"https:\/\/zjarr.tv\/en\/wp-json\/wp\/v2\/comments?post=111015"}],"version-history":[{"count":0,"href":"https:\/\/zjarr.tv\/en\/wp-json\/wp\/v2\/posts\/111015\/revisions"}],"wp:featuredmedia":[{"embeddable":true,"href":"https:\/\/zjarr.tv\/en\/wp-json\/wp\/v2\/media\/41498"}],"wp:attachment":[{"href":"https:\/\/zjarr.tv\/en\/wp-json\/wp\/v2\/media?parent=111015"}],"wp:term":[{"taxonomy":"category","embeddable":true,"href":"https:\/\/zjarr.tv\/en\/wp-json\/wp\/v2\/categories?post=111015"},{"taxonomy":"post_tag","embeddable":true,"href":"https:\/\/zjarr.tv\/en\/wp-json\/wp\/v2\/tags?post=111015"}],"curies":[{"name":"wp","href":"https:\/\/api.w.org\/{rel}","templated":true}]}}