{"id":111020,"date":"2019-10-18T17:32:14","date_gmt":"2019-10-18T15:32:14","guid":{"rendered":"https:\/\/zjarr.tv\/?p=111020"},"modified":"2019-10-18T17:32:14","modified_gmt":"2019-10-18T15:32:14","slug":"ke-jo-negociatave-rama-sqaron-arsyen-te-shohim-te-verteten-ne-sy-perplasje-te-qasjes-mes-frances-e-gjermanise","status":"publish","type":"post","link":"https:\/\/zjarr.tv\/en\/ke-jo-negociatave-rama-sqaron-arsyen-te-shohim-te-verteten-ne-sy-perplasje-te-qasjes-mes-frances-e-gjermanise\/","title":{"rendered":"KE \u201cJO\u201d negociatave, Rama sqaron arsyen: T\u00eb shohim t\u00eb v\u00ebrtet\u00ebn n\u00eb sy, p\u00ebrplasje t\u00eb qasjes mes Franc\u00ebs e Gjermanis\u00eb"},"content":{"rendered":"<p>\u201cN\u00ebse duam t\u00eb shikojm\u00eb drejt e n\u00eb sy t\u00eb v\u00ebrtet\u00ebn \u00ebsht\u00eb ajo q\u00eb kam th\u00ebn\u00eb prej disa koh\u00ebsh duke e par\u00eb nga t\u00eb gjitha kontaktet e diskutimet. Procesi po shkonte drejt nj\u00eb p\u00ebrplasje t\u00eb qasjes mes Franc\u00ebs e Gjermanis\u00eb dhe nj\u00eb pjese t\u00eb konsiderueshme t\u00eb nj\u00eb fronti q\u00eb ishte p\u00ebr nj\u00eb \u201cPO\u201d\u201d.<\/p>\n<p>K\u00ebshtu deklaron kryeministri Edi Rama n\u00eb nj\u00eb konferenc\u00eb p\u00ebr shtyp, pasi K\u00ebshilli Europian i tha \u2018JO\u2019 hapjes s\u00eb negociatave me Shqip\u00ebrin\u00eb. Ai tha se presidenti i Franc\u00ebs Emannuele Macron foli sot shum\u00eb shkoqur sa i takon \u00e7\u00ebshtjes s\u00eb integrimit t\u00eb Shqip\u00ebris\u00eb dhe Maqedonis\u00eb s\u00eb Veriut, nd\u00ebrsa e lidhi arsyen me reformimin e BE.<\/p>\n<div id=\"sovrn\" class=\"desktop_ad ad_bottom_space\"><\/div>\n<p>\u201cJan\u00eb b\u00ebr\u00eb p\u00ebrpjekjet maksimale p\u00ebr t\u00eb arritur t\u00eb marrim at\u00eb q\u00eb na takon. Asgj\u00eb m\u00eb shum\u00eb, por at\u00eb q\u00eb kemi merituar. Dhe k\u00ebt\u00eb nuk e them un\u00eb. Se themi ne, por tanim\u00eb e ka th\u00ebn\u00eb jo vet\u00ebm me shkrim KE. Por e kemi d\u00ebgjuar vet t\u00eb thuhet nga nj\u00eb pjes\u00eb e madhe e kryeministrave t\u00eb BE dhe kancelarja Merkel. Nga ana tjet\u00ebr do t\u2019ju them se kam marr\u00eb nj\u00eb num\u00ebr t\u00eb konsideruesh\u00ebm mesazhesh nga nj\u00eb pjes\u00eb e kryeministrave t\u00eb pranish\u00ebm n\u00eb takim. Kemi qen\u00eb n\u00eb kontakt dje, madje kam komunikuar dhe me presidentin e Franc\u00ebs. Faktikisht n\u00ebse duam t\u00eb shikojm\u00eb drejt n\u00eb sy t\u00eb v\u00ebrtet\u00ebn \u00ebsht\u00eb ajo q\u00eb kam th\u00ebn\u00eb prej disa koh\u00ebsh duke e par\u00eb nga t\u00eb gjitha kontaktet e diskutimet se procesi po shkonte drejt nj\u00eb p\u00ebrplasje qasjesh mes Franc\u00ebs e Gjermanis\u00eb dhe nj\u00eb pjes\u00eb t\u00eb konsiderueshme t\u00eb nj\u00eb fronti q\u00eb ish p\u00ebr nj\u00eb \u201cPO\u201d. Nd\u00ebrkoh\u00eb q\u00eb Gjermania b\u00ebri nj\u00eb p\u00ebrpjekje p\u00ebr t\u00eb vendosur nj\u00eb \u2018Por\u2019 \u2018PO\u2019-s\u00eb. Presidenti Francez i tha sot m\u00eb shkoqur se her\u00ebt e tjera. Franca nuk pranon q\u00eb t\u00eb vazhdohet me t\u00eb nj\u00ebjtin proces. K\u00ebrkon nj\u00eb reformim t\u00eb brendsh\u00ebm t\u00eb BE dhe transformim t\u00eb vet procesit t\u00eb integrimit, deri n\u00eb pik\u00ebn q\u00eb t\u00eb arrihet n\u00eb nj\u00eb tjet\u00ebr objektiv t\u00eb horizontit t\u00eb integrimit\u201d, tha Rama.<br \/>\nvijon\u2026<\/p>","protected":false},"excerpt":{"rendered":"<p>\u201cN\u00ebse duam t\u00eb shikojm\u00eb drejt e n\u00eb sy t\u00eb v\u00ebrtet\u00ebn \u00ebsht\u00eb ajo q\u00eb kam th\u00ebn\u00eb prej disa koh\u00ebsh duke e par\u00eb nga t\u00eb gjitha kontaktet e diskutimet. Procesi po shkonte drejt nj\u00eb p\u00ebrplasje t\u00eb qasjes mes Franc\u00ebs e Gjermanis\u00eb dhe nj\u00eb pjese t\u00eb konsiderueshme t\u00eb nj\u00eb fronti q\u00eb ishte p\u00ebr nj\u00eb \u201cPO\u201d\u201d. K\u00ebshtu deklaron kryeministri [&hellip;]<\/p>\n","protected":false},"author":2013,"featured_media":111021,"comment_status":"open","ping_status":"closed","sticky":false,"template":"","format":"standard","meta":{"footnotes":""},"categories":[241,235],"tags":[],"class_list":{"0":"post-111020","1":"post","2":"type-post","3":"status-publish","4":"format-standard","5":"has-post-thumbnail","7":"category-aktualitet","8":"category-vendi"},"_links":{"self":[{"href":"https:\/\/zjarr.tv\/en\/wp-json\/wp\/v2\/posts\/111020","targetHints":{"allow":["GET"]}}],"collection":[{"href":"https:\/\/zjarr.tv\/en\/wp-json\/wp\/v2\/posts"}],"about":[{"href":"https:\/\/zjarr.tv\/en\/wp-json\/wp\/v2\/types\/post"}],"author":[{"embeddable":true,"href":"https:\/\/zjarr.tv\/en\/wp-json\/wp\/v2\/users\/2013"}],"replies":[{"embeddable":true,"href":"https:\/\/zjarr.tv\/en\/wp-json\/wp\/v2\/comments?post=111020"}],"version-history":[{"count":0,"href":"https:\/\/zjarr.tv\/en\/wp-json\/wp\/v2\/posts\/111020\/revisions"}],"wp:featuredmedia":[{"embeddable":true,"href":"https:\/\/zjarr.tv\/en\/wp-json\/wp\/v2\/media\/111021"}],"wp:attachment":[{"href":"https:\/\/zjarr.tv\/en\/wp-json\/wp\/v2\/media?parent=111020"}],"wp:term":[{"taxonomy":"category","embeddable":true,"href":"https:\/\/zjarr.tv\/en\/wp-json\/wp\/v2\/categories?post=111020"},{"taxonomy":"post_tag","embeddable":true,"href":"https:\/\/zjarr.tv\/en\/wp-json\/wp\/v2\/tags?post=111020"}],"curies":[{"name":"wp","href":"https:\/\/api.w.org\/{rel}","templated":true}]}}