{"id":111023,"date":"2019-10-18T17:36:26","date_gmt":"2019-10-18T15:36:26","guid":{"rendered":"https:\/\/zjarr.tv\/?p=111023"},"modified":"2019-10-18T17:36:26","modified_gmt":"2019-10-18T15:36:26","slug":"djali-shqiptar-prej-5-vitesh-ne-kampin-sirian-rama-nuk-eshte-ceshtje-ambasadash-dhe-ambasadoresh","status":"publish","type":"post","link":"https:\/\/zjarr.tv\/en\/djali-shqiptar-prej-5-vitesh-ne-kampin-sirian-rama-nuk-eshte-ceshtje-ambasadash-dhe-ambasadoresh\/","title":{"rendered":"Djali shqiptar prej 5 vitesh n\u00eb kampin sirian, Rama: Nuk \u00ebsht\u00eb \u00e7\u00ebshtje ambasadash dhe ambasador\u00ebsh"},"content":{"rendered":"<p>Konferenc\u00ebn p\u00ebr shtyp lidhur me vendimmarrjen negative t\u00eb negociatave Kryeministri Rama e nisi me \u00e7\u00ebshtjen e vog\u00eblushit shqiptar, Albin Berisha,\u00a0i bllokuar n\u00eb kampin e t\u00eb burgosurve n\u00eb Siri.<\/p>\n<p>Rama tha se pavar\u00ebsisht d\u00ebshir\u00ebs s\u00eb mir\u00eb kjo nuk \u00ebsht\u00eb nj\u00eb \u00e7\u00ebshtje q\u00eb mund t\u00eb mund\u00ebsohet me ambasada dhe ambasador\u00eb, duke shtuar se procesi \u00ebsht\u00eb shum\u00eb kompleks.<\/p>\n<p><strong>Rama:\u00a0<\/strong><em>N\u00eb emision drith\u00ebrues sipas gjith\u00eb p\u00ebrshtypjeve t\u00eb marra, ka l\u00ebn\u00eb t\u00eb kuptohet se \u00e7\u00ebshtja e djalit t\u00eb mitur \u00ebsht\u00eb nj\u00eb \u00e7\u00ebshtje vullneti nga ana e ambasad\u00ebs dhe ambasadorit n\u00eb Turqi. \u00cbsht\u00eb e pav\u00ebrtet\u00eb. Prej disa koh\u00ebsh kam nxjerr\u00eb nj\u00eb urdh\u00ebr \u00ebsht\u00eb nj\u00eb material i klasifikuar q\u00eb nuk mund ta ndajm\u00eb dot me publikun lidhur me personat, familjet, q\u00eb gjendjen n\u00eb at\u00eb territor si pasoj\u00eb e p\u00ebrfshirjes s\u00eb burrave n\u00eb nj\u00eb luft\u00eb p\u00ebr t\u00eb tjer\u00eb n\u00eb funksion t\u00eb organizat\u00ebs ISIS. Shqet\u00ebsimi ka qen\u00eb i lidhur me nevoj\u00ebn p\u00ebr t\u00eb aksesuar pik\u00ebrisht k\u00ebto kampe ku ka edhe nj\u00eb num\u00ebr grash dhe f\u00ebmij\u00ebsh.\u00a0<\/em><\/p>\n<p><em>N\u00eb bashk\u00ebpunim me partner\u00ebt amerikan\u00eb ne kemi zhvilluar nj\u00eb proces t\u00eb t\u00ebr\u00eb identifikimi, disponojm\u00eb t\u00eb dh\u00ebna mbi identiteti \u00a0e shum\u00eb prej personave. T\u00ebrheqja e tyre n\u00eb ato kampe nuk b\u00ebhet me ambasada dhe ambasador\u00eb. Gjith\u00eb procesi \u00ebsht\u00eb i komplikuar dhe k\u00ebrkon koordinim me partner\u00ebt. Ne kemi punuar, kemi nj\u00eb plan veprimi t\u00eb rakorduar me partner\u00ebt tan\u00eb, ka nj\u00eb s\u00ebr\u00eb grupesh t\u00eb p\u00ebrfshira , nuk mund t\u00eb ndaj m\u00eb shum\u00eb. Po t\u00eb ishte \u00e7\u00ebshtje ambasadash apo ambasador\u00ebsh edhe vendet e tjera do t\u00eb ishin t\u00ebrhequr individ\u00ebt dhe grat\u00eb dhe f\u00ebmij\u00ebt. Kam komunikuar me af\u00ebrmit, babin e djalit dhe ja kam sqaruar q\u00eb \u00ebsht\u00eb nj\u00eb \u00e7\u00ebshtje q\u00eb nuk varet nga ne.\u00a0<\/em><\/p>","protected":false},"excerpt":{"rendered":"<p>Konferenc\u00ebn p\u00ebr shtyp lidhur me vendimmarrjen negative t\u00eb negociatave Kryeministri Rama e nisi me \u00e7\u00ebshtjen e vog\u00eblushit shqiptar, Albin Berisha,\u00a0i bllokuar n\u00eb kampin e t\u00eb burgosurve n\u00eb Siri. Rama tha se pavar\u00ebsisht d\u00ebshir\u00ebs s\u00eb mir\u00eb kjo nuk \u00ebsht\u00eb nj\u00eb \u00e7\u00ebshtje q\u00eb mund t\u00eb mund\u00ebsohet me ambasada dhe ambasador\u00eb, duke shtuar se procesi \u00ebsht\u00eb shum\u00eb kompleks. [&hellip;]<\/p>\n","protected":false},"author":2013,"featured_media":111021,"comment_status":"open","ping_status":"closed","sticky":false,"template":"","format":"standard","meta":{"footnotes":""},"categories":[241,235],"tags":[],"class_list":{"0":"post-111023","1":"post","2":"type-post","3":"status-publish","4":"format-standard","5":"has-post-thumbnail","7":"category-aktualitet","8":"category-vendi"},"_links":{"self":[{"href":"https:\/\/zjarr.tv\/en\/wp-json\/wp\/v2\/posts\/111023","targetHints":{"allow":["GET"]}}],"collection":[{"href":"https:\/\/zjarr.tv\/en\/wp-json\/wp\/v2\/posts"}],"about":[{"href":"https:\/\/zjarr.tv\/en\/wp-json\/wp\/v2\/types\/post"}],"author":[{"embeddable":true,"href":"https:\/\/zjarr.tv\/en\/wp-json\/wp\/v2\/users\/2013"}],"replies":[{"embeddable":true,"href":"https:\/\/zjarr.tv\/en\/wp-json\/wp\/v2\/comments?post=111023"}],"version-history":[{"count":0,"href":"https:\/\/zjarr.tv\/en\/wp-json\/wp\/v2\/posts\/111023\/revisions"}],"wp:featuredmedia":[{"embeddable":true,"href":"https:\/\/zjarr.tv\/en\/wp-json\/wp\/v2\/media\/111021"}],"wp:attachment":[{"href":"https:\/\/zjarr.tv\/en\/wp-json\/wp\/v2\/media?parent=111023"}],"wp:term":[{"taxonomy":"category","embeddable":true,"href":"https:\/\/zjarr.tv\/en\/wp-json\/wp\/v2\/categories?post=111023"},{"taxonomy":"post_tag","embeddable":true,"href":"https:\/\/zjarr.tv\/en\/wp-json\/wp\/v2\/tags?post=111023"}],"curies":[{"name":"wp","href":"https:\/\/api.w.org\/{rel}","templated":true}]}}