{"id":111027,"date":"2019-10-19T14:50:30","date_gmt":"2019-10-19T12:50:30","guid":{"rendered":"https:\/\/zjarr.tv\/?p=111027"},"modified":"2019-10-19T14:50:30","modified_gmt":"2019-10-19T12:50:30","slug":"kryemadhi-doreheqja-e-rames-reflektimi-me-i-pakte-per-pergjegjesine-qe-ka","status":"publish","type":"post","link":"https:\/\/zjarr.tv\/en\/kryemadhi-doreheqja-e-rames-reflektimi-me-i-pakte-per-pergjegjesine-qe-ka\/","title":{"rendered":"Kryemadhi: Dor\u00ebheqja e Ram\u00ebs, reflektimi m\u00eb i pakt\u00eb p\u00ebr p\u00ebrgjegj\u00ebsin\u00eb q\u00eb ka"},"content":{"rendered":"<p>Monika Kryemadhi, Kryetarja e LSI, ka deklaruar sot, nj\u00eb dit\u00eb pas mos hapjes s\u00eb negociatave nga BE p\u00ebr Shqip\u00ebrin\u00eb, se p\u00ebrgjegj\u00ebsi i vet\u00ebm p\u00ebr bllokimin e rrug\u00ebs\u00a0evropiane p\u00ebr\u00a0Shqip\u00ebrin\u00eb, \u00ebsht\u00eb Edi Rama.\u201d<\/p>\n<p>\u201cT\u00eb gjith\u00eb e kan\u00eb kuptuar se me Edi Ram\u00ebn, integrimi \u00ebsht\u00eb i pamundur, &#8211; tha Kryemadhi dhe theksoi se \u00a0\u201cdor\u00ebheqja e tij \u00ebsht\u00eb reflektimi m\u00eb i pak\u00ebt p\u00ebr p\u00ebrgjegj\u00ebsin\u00eb e r\u00ebnd\u00eb politike q\u00eb r\u00ebndon mbi kryeministrin.&#8221;<\/p>\n<p>&#8220;Vendimi i sot\u00ebm i BE-s\u00eb, ishte sigurisht nj\u00eb vendim q\u00eb shqiptar\u00ebt nuk do t\u00eb d\u00ebshironin ta d\u00ebgjonin asnj\u00ebher\u00eb, &#8211; tha Kryetarja e LSI n\u00eb deklarat\u00ebn e saj. &#8211;\u00a0\u00a0Dita e djeshme dhe dit\u00ebt e tjera n\u00eb vazhdim do t\u00eb jen\u00eb dit\u00eb t\u00ebtrishta p\u00ebr shqiptar\u00ebt, n\u00eb vend t\u00eb nj\u00eb dite g\u00ebzimi q\u00eb ata e prisnin me padurim.<\/p>\n<p>Shqiptar\u00ebt kan\u00eb kuptuar qart\u00eb q\u00eb Europa \u00ebsht\u00eb me ta, por p\u00ebr fat t\u00eb keq, shqiptar\u00ebt dhe e ardhmja e tyre europiane, jan\u00eb sot peng i nj\u00eb njeriu t\u00eb vet\u00ebm, jan\u00eb peng i Edi Ram\u00ebs dhe i bllokimit t\u00eb rrug\u00ebs europianevet\u00ebm prej tij.<\/p>\n<p>Bashkimi Europian ka treguar qart\u00eb se cilat jan\u00eb pengesat konkrete, cilat jan\u00eb plag\u00ebt e thella dhe problemet kritike q\u00eb i ka hapur Shqip\u00ebris\u00eb sot Edi Rama.<\/p>\n<p>BE tregoi qart\u00eb se rr\u00ebnimi i themelit t\u00eb demokracis\u00eb n\u00eb Shqip\u00ebri, q\u00eb \u00ebsht\u00eb vota e lir\u00eb dhe e ndershme, shitblerja dhe kriminalizimi i saj, ku autori i vet\u00ebm \u00ebsht\u00eb Edi Rama, dhe kjo q\u00eb tashm\u00eb\u00ebsht\u00eb reflektuaredhe n\u00eb kushtet q\u00eb jan\u00eb b\u00ebr\u00ebpublike, kushte q\u00eb tregojn\u00eb dhe rrug\u00ebn me t\u00eb cil\u00ebn do t\u00eb dal\u00eb Shqip\u00ebria nga kriza p\u00ebr tu b\u00ebr\u00eb pjes\u00eb e Bashkimit Europian.<\/p>\n<p>I vetmi kryeminist\u00ebr n\u00eb Europ\u00eb i cili quan normalitet bashk\u00ebjetes\u00ebn me kriminel\u00ebt dhe grabit\u00ebsit e pron\u00ebs publike dhe vot\u00ebs s\u00ebshqiptar\u00ebve, \u00ebsht\u00eb Edi Rama.<\/p>\n<p>BE refuzoi nj\u00eb q\u00ebndrim t\u00eb till\u00eb dhe u tregoi shqiptar\u00ebve se duhet t\u00eb \u00e7lirohen nga kapja kriminale e shtetit t\u00eb s\u00eb drejt\u00ebs, e qeveris\u00eb, e demokracis\u00eb dhe e lirive t\u00eb tyre, autori i t\u00eb cilave \u00ebsht\u00eb kryeministri i vendit ton\u00eb, Edi Rama.<\/p>\n<p>Korrupsioni, trafiku i drog\u00ebs, pastrimi i parave, koncesionet grabitqare, dhunimi i pron\u00ebs publike dhe private, kapja e drejt\u00ebsis\u00eb, jan\u00eb ato q\u00eb e mbajn\u00eb larg dhe peng Shqip\u00ebrin\u00eb nga Europa dhe p\u00ebrgjegj\u00ebsi i vet\u00ebm p\u00ebr k\u00ebto plag\u00eb t\u00eb thella dhe p\u00ebr k\u00ebt\u00eb penges\u00eb q\u00eb i b\u00ebhet rrug\u00ebs europiane t\u00eb Shqip\u00ebris\u00eb, \u00ebsht\u00eb nj\u00eb dhe vet\u00ebm nj\u00eb, \u00a0kryeministri Rama.<\/p>\n<p>T\u00eb gjith\u00eb shqiptar\u00ebt kan\u00eb kuptuar shum\u00eb qart\u00eb se me Edi Ram\u00ebn, bashkimi me BE-n\u00eb \u00ebsht\u00eb nj\u00eb objektiv i pamundur, nj\u00eb \u00ebnd\u00ebrr e parealizueshme p\u00ebr ta.<\/p>\n<p>Shqip\u00ebria s\u2019\u00ebsht\u00eb dhe s\u2019mund t\u00eb jet\u00eb kurr\u00eb peng i tij, dhe dor\u00ebheqja e tij \u00ebsht\u00eb reflektimi m\u00eb i pak\u00ebt p\u00ebr p\u00ebrgjegj\u00ebsin\u00eb e r\u00ebnd\u00eb politike q\u00eb r\u00ebndon mbi kryeministrin.<\/p>\n<p>Shqiptar\u00ebt ja kan\u00eb dal\u00eb ta bindin Europ\u00ebn se jan\u00eb pjes\u00eb e saj, se e duan Europ\u00ebn, se k\u00ebrkojn\u00eb t\u00eb jetojn\u00eb me standardet e saj t\u00eb larta demokratike dhe ekonomike, ndaj dhe e mb\u00ebshtesin masivisht projektin e Europ\u00ebs s\u00eb Bashkuar. Por shqiptar\u00ebt e kan\u00eb gjithashtu shum\u00eb t\u00eb qart\u00eb q\u00eb pengesa e vetme p\u00ebr k\u00ebt\u00eb\u00ebnd\u00ebrr dhe p\u00ebr rrug\u00ebn drejt Bashkimit Europian \u00ebsht\u00eb Edi Rama.<\/p>\n<p>D\u00ebshtimi i Edi Ram\u00ebs \u00ebsht\u00eb individual, \u00ebsht\u00eb personal, \u00ebsht\u00eb i fokusuar vet\u00ebm te ai sepse ai zgjodhi q\u00eb t\u00eb nd\u00ebrtoj\u00eb t\u00eb ardhmen e tij mbi at\u00eb t\u00eb shqiptar\u00ebve, t\u00eb pasurohet n\u00eb kurriz t\u00eb shqiptar\u00ebve duke i varf\u00ebruar ata, zgjodhi ti grabis\u00eb ata, zgjodhi tu prish\u00eb qet\u00ebsin\u00eb familjare atyre, zgjodhi q\u00eb t\u00ebdetyroi me qindra dhe mij\u00ebra shqiptar\u00eb q\u00eb t\u00eb largohen nga Shqip\u00ebria, p\u00ebr shkak t\u00eb tok\u00ebs s\u00eb djegur q\u00eb nd\u00ebrtoi Edi Rama.<\/p>\n<p>Ndaj, shqiptar\u00ebt nuk do t\u00eb ndryshojn\u00eb asgj\u00eb nga bindja se Europa \u00ebsht\u00eb e ardhmja e vetme e sigurt dhe nj\u00ebherazi vendimi i tyre \u00ebsht\u00eb i prer\u00eb: t\u00eb largojn\u00eb Edi Ram\u00ebn si penges\u00ebn e vetme t\u00eb k\u00ebsaj t\u00eb ardhmeje.<\/p>\n<p>Shqip\u00ebria ishte m\u00eb af\u00ebr hapjes s\u00eb negociatave sesa vendete tjera, p\u00ebr shkak t\u00eb shkat\u00ebrrimit t\u00eb shtetit, kapjes dhe shp\u00ebrb\u00ebrjes s\u00eb tij nga kryeministri, sot ne jemi shum\u00eb pas vendeve t\u00eb tjera, t\u00eb cilat ishin shum\u00eb m\u00eb mbrapa nesh vite m\u00eb p\u00ebrpara. Fqinj\u00ebt tan\u00eb treguan pjekuri dhe maturi politike p\u00ebr t\u00eb kaluar probleme shum\u00eb t\u00eb nd\u00ebrlikuara dhe komplikuara, por Edi Rama rr\u00ebnoi edhe arritjet e realizuara nd\u00ebr vite, me shum\u00eb sakrifica nga shqiptar\u00ebt.<\/p>\n<p>Vullneti yn\u00eb p\u00ebr t\u00eb mb\u00ebshtetur Integrimin Europian dhe p\u00ebr t\u00eb b\u00ebr\u00eb \u00e7do sakrific\u00eb \u00ebsht\u00eb i pandryshuar. Ne nuk do t\u00eb rreshtim s\u00eb punuari p\u00ebr t\u00eb ndryshuar realitetin tragjik shqiptar, do t\u00eb komunikojm\u00eb me t\u00eb gjith\u00eb miqt\u00eb tan\u00eb dashamir\u00ebs t\u00eb Shqip\u00ebris\u00eb n\u00eb Europ\u00eb dhe n\u00eb bot\u00eb, p\u00ebr tu shpjeguar se sa e r\u00ebnd\u00ebsishme \u00ebsht\u00eb Europa p\u00ebr shqiptar\u00ebt dhe se nuk duhen d\u00ebnuar kurr\u00eb Shqiptar\u00ebt, por vet\u00ebm nj\u00eb njeri, Edi Rama, i cili ka zgjedhur rrug\u00ebnanti-europiane dhe q\u00eb i sh\u00ebrben vet\u00ebm vetes s\u00eb tij dhe interesave t\u00eb tij t\u00eb ngushta personale dhe ndoshta ndonj\u00eb interes tjet\u00ebr q\u00eb ne nuk e dim\u00eb.<\/p>\n<p>Falenderoj n\u00eb em\u00ebr t\u00eb L\u00ebvizjes Socialiste p\u00ebr Integrim Shtete e Bashkuara t\u00eb Amerik\u00ebs p\u00ebr mb\u00ebshtetjen e pandalur asnj\u00ebher\u00eb ndaj Shqip\u00ebris\u00eb dhe shqiptar\u00ebve si partnerin ton\u00eb strategjik q\u00eb edhe mbr\u00ebm\u00eb n\u00eb nj\u00eb moment t\u00eb zhg\u00ebnjimit t\u00eb shqiptar\u00ebve, ata i q\u00ebndrojn\u00eb n\u00eb krah popullit shqiptar dhe Shqip\u00ebris\u00eb, u q\u00ebndrojn\u00eb n\u00eb krah aspiratave t\u00eb shqiptar\u00ebve p\u00ebr Integrimin Europian.<\/p>\n<p>Asnj\u00eb faktor malinj nuk do t\u00eb cenoj\u00eb dot aleanc\u00ebn ton\u00eb mbi 100 vje\u00e7are midis Shqip\u00ebris\u00eb dhe SHBA dhe asnj\u00eb faktor malinj nuk do t\u00eb largoj\u00eb dot aspiratave t\u00eb shqiptar\u00ebve nga rruga e shqiptar\u00ebve tashm\u00eb drejt BE-s\u00eb.&#8221;<\/p>","protected":false},"excerpt":{"rendered":"<p>Monika Kryemadhi, Kryetarja e LSI, ka deklaruar sot, nj\u00eb dit\u00eb pas mos hapjes s\u00eb negociatave nga BE p\u00ebr Shqip\u00ebrin\u00eb, se p\u00ebrgjegj\u00ebsi i vet\u00ebm p\u00ebr bllokimin e rrug\u00ebs\u00a0evropiane p\u00ebr\u00a0Shqip\u00ebrin\u00eb, \u00ebsht\u00eb Edi Rama.\u201d \u201cT\u00eb gjith\u00eb e kan\u00eb kuptuar se me Edi Ram\u00ebn, integrimi \u00ebsht\u00eb i pamundur, &#8211; tha Kryemadhi dhe theksoi se \u00a0\u201cdor\u00ebheqja e tij \u00ebsht\u00eb reflektimi [&hellip;]<\/p>\n","protected":false},"author":2013,"featured_media":111028,"comment_status":"open","ping_status":"closed","sticky":false,"template":"","format":"standard","meta":{"footnotes":""},"categories":[241,235],"tags":[],"class_list":{"0":"post-111027","1":"post","2":"type-post","3":"status-publish","4":"format-standard","5":"has-post-thumbnail","7":"category-aktualitet","8":"category-vendi"},"_links":{"self":[{"href":"https:\/\/zjarr.tv\/en\/wp-json\/wp\/v2\/posts\/111027","targetHints":{"allow":["GET"]}}],"collection":[{"href":"https:\/\/zjarr.tv\/en\/wp-json\/wp\/v2\/posts"}],"about":[{"href":"https:\/\/zjarr.tv\/en\/wp-json\/wp\/v2\/types\/post"}],"author":[{"embeddable":true,"href":"https:\/\/zjarr.tv\/en\/wp-json\/wp\/v2\/users\/2013"}],"replies":[{"embeddable":true,"href":"https:\/\/zjarr.tv\/en\/wp-json\/wp\/v2\/comments?post=111027"}],"version-history":[{"count":0,"href":"https:\/\/zjarr.tv\/en\/wp-json\/wp\/v2\/posts\/111027\/revisions"}],"wp:featuredmedia":[{"embeddable":true,"href":"https:\/\/zjarr.tv\/en\/wp-json\/wp\/v2\/media\/111028"}],"wp:attachment":[{"href":"https:\/\/zjarr.tv\/en\/wp-json\/wp\/v2\/media?parent=111027"}],"wp:term":[{"taxonomy":"category","embeddable":true,"href":"https:\/\/zjarr.tv\/en\/wp-json\/wp\/v2\/categories?post=111027"},{"taxonomy":"post_tag","embeddable":true,"href":"https:\/\/zjarr.tv\/en\/wp-json\/wp\/v2\/tags?post=111027"}],"curies":[{"name":"wp","href":"https:\/\/api.w.org\/{rel}","templated":true}]}}