{"id":111031,"date":"2019-10-19T14:53:46","date_gmt":"2019-10-19T12:53:46","guid":{"rendered":"https:\/\/zjarr.tv\/?p=111031"},"modified":"2019-10-19T14:53:46","modified_gmt":"2019-10-19T12:53:46","slug":"petrit-vasili-i-ben-autopsine-qeverisjes-se-edi-rames","status":"publish","type":"post","link":"https:\/\/zjarr.tv\/en\/petrit-vasili-i-ben-autopsine-qeverisjes-se-edi-rames\/","title":{"rendered":"Petrit Vasili i b\u00ebn &#8216;autopsin\u00eb&#8217; qeverisjes s\u00eb Edi Ram\u00ebs"},"content":{"rendered":"<p><strong>Nga Petrit Vasili<\/strong><\/p>\n<p>\u00c7far\u00eb ka shp\u00ebtuar akoma nga prishja dhe shkat\u00ebrrimi i Edi Ram\u00ebs n\u00eb Shqip\u00ebri?<\/p>\n<p>Kush flet p\u00ebr reforma n\u00eb koh\u00ebrat e Edi Ram\u00ebs \u00ebsht\u00eb g\u00ebnjeshtar-liar dhe antishqiptar si ai! Shqip\u00ebria nuk ka kryeminist\u00ebr ose th\u00ebn\u00eb m\u00eb qart\u00eb ka hi\u00e7kryeminist\u00ebr.<\/p>\n<div id=\"rekl-13\">\n<div id=\"__sap-ad-15\" class=\"__sap-ads __sap-html tracked\" data-title=\"Credins desktop 08\"><ins><\/p>\n<div id=\"beacon_f799fac2d1\"><img loading=\"lazy\" decoding=\"async\" src=\"https:\/\/ads1.medium.al\/www\/delivery\/lg.php?bannerid=401&amp;campaignid=56&amp;zoneid=232&amp;loc=https%3A%2F%2Fwww.syri.net%2Fpolitike%2F288138%2Fpetrit-vasili-i-ben-autopsine-qeverisjes-se-edi-rames%2F&amp;referer=https%3A%2F%2Fwww.syri.net%2Flajme%2F&amp;cb=f799fac2d1\" alt=\"\" width=\"0\" height=\"0\" \/>Moralrr\u00ebnuar dhe antiatdhe ky \u00ebsht\u00eb individi, q\u00eb \u00ebsht\u00eb strehuar n\u00eb m\u00ebnyr\u00eb abuzive n\u00eb zyr\u00ebn e kryeministrit t\u00eb Shqip\u00ebris\u00eb.<\/div>\n<p><\/ins><\/div>\n<\/div>\n<p>Dispe\u00e7eri e grabitjes monstruoze t\u00eb vendi, kjo \u00ebsht\u00eb qeverisja e Edi Ram\u00ebs sot.<\/p>\n<p>Zero reformat e k\u00ebtij kryeministri t\u00eb paaft\u00eb e llafazan kan\u00eb krijuar vet\u00ebm d\u00ebshp\u00ebrim dhe deprimim masiv dhe askush nuk ndihet i qet\u00eb n\u00eb Shqip\u00ebri dhe t\u00eb gjith\u00eb k\u00ebrkojn\u00eb t\u00eb ikin me qindra mij\u00ebra t\u00eb t\u00eb gjitha moshave e niveleve shoq\u00ebrore.<\/p>\n<p>\u00c7far\u00eb u reformua n\u00eb Shqip\u00ebri me k\u00ebt\u00eb kryeminist\u00ebr?<\/p>\n<p>Apo th\u00ebn\u00eb ndryshe \u00e7far\u00eb ka mbetur pa u shkat\u00ebrruar n\u00eb Shqip\u00ebri me k\u00ebt\u00eb kryeminist\u00ebr?<\/p>\n<p>Ekonomia e Shqip\u00ebris\u00eb po shkon qart\u00eb drejt kolapsit, \u00e7do veprim i qeveris\u00eb \u00ebsht\u00eb kund\u00ebr biznesit ve\u00e7an\u00ebrisht p\u00ebr at\u00eb t\u00eb mes\u00ebm dhe t\u00eb vog\u00ebl politika e vetme ka qen\u00eb asgj\u00ebsimi i tyre dhe lul\u00ebzimi i oligark\u00ebve. Motoja e kryeministrit pa atdhe ka qen\u00eb:<br \/>\n\u201c\u00c7do gj\u00eb p\u00ebr oligark\u00ebt dhe asgj\u00eb p\u00ebr biznesin.\u201d<\/p>\n<p>Arsimi i t\u00eb gjitha niveleve \u00ebsht\u00eb tashm\u00eb nj\u00eb pjell\u00eb e \u00e7organizuar, e politizuar dhe q\u00eb stimulon e promovon injoranc\u00ebn m\u00eb t\u00eb thell\u00eb duke rr\u00ebnuar dijen e shqiptar\u00ebve m\u00eb keq se pushtuesit.<\/p>\n<p>Sh\u00ebndet\u00ebsia po p\u00ebrjeton dit\u00ebt m\u00eb t\u00eb err\u00ebta t\u00eb nj\u00eb sharlatanizmi n\u00eb drejtim, q\u00eb e ka \u00e7uar drejt kaosit dhe spontanitetit, duke tronditur r\u00ebnd\u00eb t\u00eb drejten m\u00eb t\u00eb \u00e7muar dhe baz\u00eb t\u00eb \u00e7do qytetari sh\u00ebndetin e tyre.<br \/>\nNj\u00eb mesjet\u00eb e till\u00eb dhe mediokritet i k\u00ebtij soji nuk \u00ebsht\u00eb par\u00eb as n\u00eb vitet m\u00eb t\u00eb r\u00ebnda n\u00eb mjek\u00ebsi.<\/p>\n<p>Mbrojtja shoq\u00ebrore deri edhe skema e pensioneve jan\u00eb tronditur si kurr\u00eb m\u00eb par\u00eb dhe jan\u00eb gati t\u00eb kolapsohen p\u00ebr shkak t\u00eb banditizmit t\u00eb qeveris\u00eb q\u00eb arrin d\u00ebri edhe t\u00eb mos paguaj\u00eb sigurimet shoq\u00ebrore.<\/p>\n<p>Rendi publik po p\u00ebrjeton pasigurin\u00eb m\u00eb t\u00eb r\u00ebnd\u00eb q\u00eb nuk ishte par\u00eb prej vitesh dhe drejtimi i idiotesk, partiak dhe paaft\u00eb i ministris\u00eb s\u00eb brendshme po sh\u00ebnon faqen m\u00eb t\u00eb zez\u00eb n\u00eb at\u00eb ministri.<\/p>\n<p>Shteti ligjor dhe drejt\u00ebsia po p\u00ebrjetojn\u00eb dit\u00ebt m\u00eb t\u00eb r\u00ebnda q\u00eb nga viti 1912.<br \/>\nDrejt\u00ebsia e kapur dhe dhunimi i ligjit nga qeveria \u00ebsht\u00eb kjo ajo q\u00eb sundon dhe jo ligji dhe barazia p\u00ebrpara tij.<\/p>\n<p>Kuvendi i Shqip\u00ebris\u00eb si nj\u00eb traste me patate t\u00eb kalbura q\u00eb vijn\u00eb er\u00eb \u00ebsht\u00eb thjesht nj\u00eb noter antiatdhe i vjedhjes dhe grabitjes s\u00eb qeveris\u00eb.<\/p>\n<p>Ndaj le t\u00eb m\u00eb thot\u00eb kush se \u00e7\u2019veprim, reform\u00eb apo vep\u00ebr t\u00eb madhe infrastrukturore apo t\u00eb \u00e7do lloji ka p\u00ebrmbushur ky kryeminist\u00ebr antishqiptar dhe i paaft\u00eb?<\/p>\n<p>P\u00ebrgjigja \u00ebsht\u00eb vet\u00ebm nj\u00eb: Zero\u00a0reforma.<\/p>\n<p>Sot askush nuk flet dot dhe as num\u00ebron dot qoft\u00eb edhe nj\u00eb reforme a veprim t\u00eb Edi Ram\u00ebs, q\u00eb i solli nj\u00eb t\u00eb mir\u00eb nj\u00eb shtres\u00eb shoq\u00ebrore n\u00eb Shqip\u00ebri apo p\u00ebrmir\u00ebsoi di\u00e7ka n\u00eb Shqip\u00ebri.<\/p>\n<p>Pyetja e vetme \u00ebsht\u00eb: \u00c7far\u00eb ka shp\u00ebtuar akoma nga prishja dhe shkat\u00ebrrimi i Edi Ram\u00ebs n\u00eb Shqip\u00ebri?<\/p>","protected":false},"excerpt":{"rendered":"<p>Nga Petrit Vasili \u00c7far\u00eb ka shp\u00ebtuar akoma nga prishja dhe shkat\u00ebrrimi i Edi Ram\u00ebs n\u00eb Shqip\u00ebri? Kush flet p\u00ebr reforma n\u00eb koh\u00ebrat e Edi Ram\u00ebs \u00ebsht\u00eb g\u00ebnjeshtar-liar dhe antishqiptar si ai! Shqip\u00ebria nuk ka kryeminist\u00ebr ose th\u00ebn\u00eb m\u00eb qart\u00eb ka hi\u00e7kryeminist\u00ebr. Moralrr\u00ebnuar dhe antiatdhe ky \u00ebsht\u00eb individi, q\u00eb \u00ebsht\u00eb strehuar n\u00eb m\u00ebnyr\u00eb abuzive n\u00eb zyr\u00ebn [&hellip;]<\/p>\n","protected":false},"author":2013,"featured_media":70162,"comment_status":"open","ping_status":"closed","sticky":false,"template":"","format":"standard","meta":{"footnotes":""},"categories":[241,235],"tags":[],"class_list":{"0":"post-111031","1":"post","2":"type-post","3":"status-publish","4":"format-standard","5":"has-post-thumbnail","7":"category-aktualitet","8":"category-vendi"},"_links":{"self":[{"href":"https:\/\/zjarr.tv\/en\/wp-json\/wp\/v2\/posts\/111031","targetHints":{"allow":["GET"]}}],"collection":[{"href":"https:\/\/zjarr.tv\/en\/wp-json\/wp\/v2\/posts"}],"about":[{"href":"https:\/\/zjarr.tv\/en\/wp-json\/wp\/v2\/types\/post"}],"author":[{"embeddable":true,"href":"https:\/\/zjarr.tv\/en\/wp-json\/wp\/v2\/users\/2013"}],"replies":[{"embeddable":true,"href":"https:\/\/zjarr.tv\/en\/wp-json\/wp\/v2\/comments?post=111031"}],"version-history":[{"count":0,"href":"https:\/\/zjarr.tv\/en\/wp-json\/wp\/v2\/posts\/111031\/revisions"}],"wp:featuredmedia":[{"embeddable":true,"href":"https:\/\/zjarr.tv\/en\/wp-json\/wp\/v2\/media\/70162"}],"wp:attachment":[{"href":"https:\/\/zjarr.tv\/en\/wp-json\/wp\/v2\/media?parent=111031"}],"wp:term":[{"taxonomy":"category","embeddable":true,"href":"https:\/\/zjarr.tv\/en\/wp-json\/wp\/v2\/categories?post=111031"},{"taxonomy":"post_tag","embeddable":true,"href":"https:\/\/zjarr.tv\/en\/wp-json\/wp\/v2\/tags?post=111031"}],"curies":[{"name":"wp","href":"https:\/\/api.w.org\/{rel}","templated":true}]}}