{"id":111042,"date":"2019-10-19T15:03:47","date_gmt":"2019-10-19T13:03:47","guid":{"rendered":"https:\/\/zjarr.tv\/?p=111042"},"modified":"2019-10-19T15:03:47","modified_gmt":"2019-10-19T13:03:47","slug":"zaev-zgjedhjet-e-parakohshme-zgjidhja-me-e-mire-pas-deshtimit-ne-bruksel","status":"publish","type":"post","link":"https:\/\/zjarr.tv\/en\/zaev-zgjedhjet-e-parakohshme-zgjidhja-me-e-mire-pas-deshtimit-ne-bruksel\/","title":{"rendered":"Zaev: Zgjedhjet e parakohshme, zgjidhja m\u00eb e mir\u00eb pas d\u00ebshtimit n\u00eb Bruksel"},"content":{"rendered":"<p>Kriz\u00eb politik\u00eb n\u00eb Maqedonin\u00eb e Veriut. Kryeministri, Zoran Zaev pas mosmarrjes s\u00eb dat\u00ebs p\u00ebr hapjen e negociatave nga BE \u00ebsht\u00eb shprehur n\u00eb Shkup p\u00ebr zhvillimin e zgjedhjeve t\u00eb parakohshme, shkruan agjencia e lajmeve, dpa.<\/p>\n<p><strong>Nga Deutsche Welle<\/strong><\/p>\n<p>Kryeministri i Maqedonis\u00eb s\u00eb Veriut, Zoran Zaev mbajti nj\u00eb fjalim t\u00eb shtun\u00ebn (19.10) para kabinetit qeveritar, ku pranoi, se vendi duhet t\u00eb shkoj\u00eb n\u00eb zgjedhje t\u00eb parakohshme pas vendimit t\u00eb samitit t\u00eb BE t\u00eb premten. Ai \u00ebsht\u00eb shprehur, se kjo \u00ebsht\u00eb zgjidhja m\u00eb e mir\u00eb pas d\u00ebshtimit n\u00eb Bruksel p\u00ebr moshapjen e negociatave. &#8220;Duke par\u00eb zhvillimet q\u00eb ndodh\u00ebn dhe pas konsultave q\u00eb kam zhvilluar zgjidhja m\u00eb e mir\u00eb dhe p\u00ebr t\u00eb mos humbur koh\u00eb jan\u00eb zgjedhjet e parakohshme\u201d, tha Zaev pa p\u00ebrmendur nj\u00eb dat\u00eb t\u00eb caktuar p\u00ebr zgjedhjet e parakohshme, vet\u00ebm se ato duhet t\u00eb zhvillohen sa m\u00eb shpejt t\u00eb jet\u00eb e mundur.<\/p>\n<p>Ai u shpreh kritik ndaj vendimit t\u00eb BE. &#8220;Para dy dit\u00ebsh u b\u00eb nj\u00eb padrejt\u00ebsi e madhe&#8221;, tha Zaev, &#8220;ne u b\u00ebm\u00eb viktima t\u00eb nj\u00eb gabimi historik&#8221;.<\/p>\n<p>M\u00eb par\u00eb kreu i partis\u00eb m\u00eb t\u00eb madhe opozitare, VMRO-DPMNE, Christian Mickoski pas b\u00ebrjes publike t\u00eb vendimit t\u00eb Brukselit kishte k\u00ebrkuar\u00a0zgjedhje t\u00eb reja &#8220;si pasoj\u00eb logjike&#8221;. Kurse presidenti i Maqedonis\u00eb s\u00eb Veriut, Pendarovski u shpreh se megjith\u00eb k\u00ebt\u00eb d\u00ebshtim &#8220;ne jemi nj\u00eb vend europian dhe kemi t\u00eb drejt\u00ebn t\u00eb jemi pjes\u00eb e sht\u00ebpis\u00eb s\u00eb p\u00ebrbashk\u00ebt europiane&#8221;, shkruan dpa.<\/p>","protected":false},"excerpt":{"rendered":"<p>Kriz\u00eb politik\u00eb n\u00eb Maqedonin\u00eb e Veriut. Kryeministri, Zoran Zaev pas mosmarrjes s\u00eb dat\u00ebs p\u00ebr hapjen e negociatave nga BE \u00ebsht\u00eb shprehur n\u00eb Shkup p\u00ebr zhvillimin e zgjedhjeve t\u00eb parakohshme, shkruan agjencia e lajmeve, dpa. Nga Deutsche Welle Kryeministri i Maqedonis\u00eb s\u00eb Veriut, Zoran Zaev mbajti nj\u00eb fjalim t\u00eb shtun\u00ebn (19.10) para kabinetit qeveritar, ku pranoi, [&hellip;]<\/p>\n","protected":false},"author":2013,"featured_media":53177,"comment_status":"open","ping_status":"closed","sticky":false,"template":"","format":"standard","meta":{"footnotes":""},"categories":[241,235],"tags":[],"class_list":{"0":"post-111042","1":"post","2":"type-post","3":"status-publish","4":"format-standard","5":"has-post-thumbnail","7":"category-aktualitet","8":"category-vendi"},"_links":{"self":[{"href":"https:\/\/zjarr.tv\/en\/wp-json\/wp\/v2\/posts\/111042","targetHints":{"allow":["GET"]}}],"collection":[{"href":"https:\/\/zjarr.tv\/en\/wp-json\/wp\/v2\/posts"}],"about":[{"href":"https:\/\/zjarr.tv\/en\/wp-json\/wp\/v2\/types\/post"}],"author":[{"embeddable":true,"href":"https:\/\/zjarr.tv\/en\/wp-json\/wp\/v2\/users\/2013"}],"replies":[{"embeddable":true,"href":"https:\/\/zjarr.tv\/en\/wp-json\/wp\/v2\/comments?post=111042"}],"version-history":[{"count":0,"href":"https:\/\/zjarr.tv\/en\/wp-json\/wp\/v2\/posts\/111042\/revisions"}],"wp:featuredmedia":[{"embeddable":true,"href":"https:\/\/zjarr.tv\/en\/wp-json\/wp\/v2\/media\/53177"}],"wp:attachment":[{"href":"https:\/\/zjarr.tv\/en\/wp-json\/wp\/v2\/media?parent=111042"}],"wp:term":[{"taxonomy":"category","embeddable":true,"href":"https:\/\/zjarr.tv\/en\/wp-json\/wp\/v2\/categories?post=111042"},{"taxonomy":"post_tag","embeddable":true,"href":"https:\/\/zjarr.tv\/en\/wp-json\/wp\/v2\/tags?post=111042"}],"curies":[{"name":"wp","href":"https:\/\/api.w.org\/{rel}","templated":true}]}}