{"id":111044,"date":"2019-10-19T15:04:36","date_gmt":"2019-10-19T13:04:36","guid":{"rendered":"https:\/\/zjarr.tv\/?p=111044"},"modified":"2019-10-19T15:04:36","modified_gmt":"2019-10-19T13:04:36","slug":"macron-zbuloi-te-verteten-per-negociatat-gjysma-e-be-se-kunder-shqiperise-se-rames","status":"publish","type":"post","link":"https:\/\/zjarr.tv\/en\/macron-zbuloi-te-verteten-per-negociatat-gjysma-e-be-se-kunder-shqiperise-se-rames\/","title":{"rendered":"Macron zbuloi t\u00eb v\u00ebrtet\u00ebn p\u00ebr negociatat: Gjysma e BE-s\u00eb, kund\u00ebr Shqip\u00ebris\u00eb s\u00eb Ram\u00ebs"},"content":{"rendered":"<p>Presidenti i Franc\u00ebs, Emmanuel Macron, zbuloi disa t\u00eb v\u00ebrteta lidhur me debatin e zhvilluar nd\u00ebr vendet e BE p\u00ebr hapjen ose jo t\u00eb negociatave me Shqip\u00ebrin\u00eb dhe Maqedonin\u00eb e Veriut.<\/p>\n<p>S\u00eb pari, se procesi i zgjerimit duhet t\u00eb jet\u00eb i kthyesh\u00ebm, p\u00ebrndryshe nuk prodhon reforma t\u00eb v\u00ebrteta. Komisioni aktual \u00ebsht\u00eb b\u00ebr\u00eb \u00e7\u00ebshtje burokracie dhe jo vler\u00ebsimi real t\u00eb reformave, t\u00eb impaktit q\u00eb kan\u00eb mbi qytetar\u00ebt. Procesi q\u00eb po zhvillohet aktualisht e ka humbur kuptimin dhe vler\u00ebn. Nuk prodhon m\u00eb progres.<\/p>\n<p>S\u00eb dyti, se nuk \u00ebsht\u00eb e v\u00ebrtet\u00eb q\u00eb ka patur konsensus t\u00eb gjer\u00eb gati unanim p\u00ebr Shqip\u00ebrin\u00eb dhe Maqedonin\u00eb e Veriut. Nd\u00ebrkoh\u00eb q\u00eb p\u00ebr Maqedonin\u00eb, pjesa m\u00eb e madhe e vendeve ishte mb\u00ebshtet\u00ebse p\u00ebr \u00e7eljen e negociatave p\u00ebr Shqip\u00ebrin\u00eb ishte e kund\u00ebrta. Shumica nuk mb\u00ebshtet\u00ebn hapjen e negociatave me Shqip\u00ebrin\u00eb. Duhen plot\u00ebsuar kushtet. Azilk\u00ebrkuesit jan\u00eb nj\u00eb nga \u00e7\u00ebshtjet q\u00eb k\u00ebrkon trajtim m\u00eb t\u00eb thell\u00eb. Statusi q\u00eb ka Shqip\u00ebria si vend i sigurt\u00eb nuk p\u00ebrputhet me numrin e lart\u00eb t\u00eb k\u00ebrkesave p\u00ebr azil, q\u00eb largohen se ndihen t\u00eb pasigurt\u00eb n\u00eb vendin e tyre.<\/p>\n<p>S\u00eb treti, do t\u00eb kishte patur pasoja n\u00ebse do t\u2019i hapeshin negociatat Maqedonis\u00eb s\u00eb Veriut dhe jo Shqip\u00ebris\u00eb. \u00a0N\u00eb Shqip\u00ebri dhe n\u00eb vendet ku ka minoritet shqiptar, nuk do ta prisnin mir\u00eb ndarjen e dy vendeve dhe do t\u00eb mund t\u00eb ngjallte trazira.<\/p>","protected":false},"excerpt":{"rendered":"<p>Presidenti i Franc\u00ebs, Emmanuel Macron, zbuloi disa t\u00eb v\u00ebrteta lidhur me debatin e zhvilluar nd\u00ebr vendet e BE p\u00ebr hapjen ose jo t\u00eb negociatave me Shqip\u00ebrin\u00eb dhe Maqedonin\u00eb e Veriut. S\u00eb pari, se procesi i zgjerimit duhet t\u00eb jet\u00eb i kthyesh\u00ebm, p\u00ebrndryshe nuk prodhon reforma t\u00eb v\u00ebrteta. Komisioni aktual \u00ebsht\u00eb b\u00ebr\u00eb \u00e7\u00ebshtje burokracie dhe jo [&hellip;]<\/p>\n","protected":false},"author":2013,"featured_media":111045,"comment_status":"open","ping_status":"closed","sticky":false,"template":"","format":"standard","meta":{"footnotes":""},"categories":[241,235],"tags":[],"class_list":{"0":"post-111044","1":"post","2":"type-post","3":"status-publish","4":"format-standard","5":"has-post-thumbnail","7":"category-aktualitet","8":"category-vendi"},"_links":{"self":[{"href":"https:\/\/zjarr.tv\/en\/wp-json\/wp\/v2\/posts\/111044","targetHints":{"allow":["GET"]}}],"collection":[{"href":"https:\/\/zjarr.tv\/en\/wp-json\/wp\/v2\/posts"}],"about":[{"href":"https:\/\/zjarr.tv\/en\/wp-json\/wp\/v2\/types\/post"}],"author":[{"embeddable":true,"href":"https:\/\/zjarr.tv\/en\/wp-json\/wp\/v2\/users\/2013"}],"replies":[{"embeddable":true,"href":"https:\/\/zjarr.tv\/en\/wp-json\/wp\/v2\/comments?post=111044"}],"version-history":[{"count":0,"href":"https:\/\/zjarr.tv\/en\/wp-json\/wp\/v2\/posts\/111044\/revisions"}],"wp:featuredmedia":[{"embeddable":true,"href":"https:\/\/zjarr.tv\/en\/wp-json\/wp\/v2\/media\/111045"}],"wp:attachment":[{"href":"https:\/\/zjarr.tv\/en\/wp-json\/wp\/v2\/media?parent=111044"}],"wp:term":[{"taxonomy":"category","embeddable":true,"href":"https:\/\/zjarr.tv\/en\/wp-json\/wp\/v2\/categories?post=111044"},{"taxonomy":"post_tag","embeddable":true,"href":"https:\/\/zjarr.tv\/en\/wp-json\/wp\/v2\/tags?post=111044"}],"curies":[{"name":"wp","href":"https:\/\/api.w.org\/{rel}","templated":true}]}}