{"id":111050,"date":"2019-10-19T15:08:04","date_gmt":"2019-10-19T13:08:04","guid":{"rendered":"https:\/\/zjarr.tv\/?p=111050"},"modified":"2019-10-19T15:08:04","modified_gmt":"2019-10-19T13:08:04","slug":"bllokimi-i-negociatave-berisha-i-drejtohet-rames-pas-enverit-ti-je-monstra-e-dyte-e-kombit","status":"publish","type":"post","link":"https:\/\/zjarr.tv\/en\/bllokimi-i-negociatave-berisha-i-drejtohet-rames-pas-enverit-ti-je-monstra-e-dyte-e-kombit\/","title":{"rendered":"Bllokimi i negociatave, Berisha i drejtohet Ram\u00ebs: Pas Enverit, ti je monstra e dyt\u00eb e kombit!"},"content":{"rendered":"<p>Ish-kryeministri Sali Berisha i ka d\u00ebrguar nj\u00eb mesazh t\u00eb ashp\u00ebr, kryeministrit Edi Rama, nj\u00eb dit\u00eb pas mospranimit nga BE\u00a0p\u00ebr t\u00eb hapur negociatat e an\u00ebtar\u00ebsimit p\u00ebr Shqip\u00ebrin\u00eb.<\/p>\n<p>\u201cMir\u00ebm\u00ebngjes Edvin! \u2013 i drejtohet Berisha nga Fb. &#8211; Dielli lindi sot p\u00ebrs\u00ebri n\u00eb Shqip\u00ebri! Por pas Enverit, ti Edvin, del n\u00eb drit\u00ebn e tij si monstra e dyt\u00eb m\u00eb e zez\u00eb e kombit shqiptar n\u00eb rrug\u00ebn e tij drejt Europ\u00ebs! Ai e bllokoi p\u00ebr 46 vite, kurse ti, nisur nga k\u00ebshilltar\u00ebt e Fierit dhe tre ligjet dhe deri sot, e bllokove prej tet\u00eb vitesh! Misioni yt, o monst\u00ebr, pas bllokimit pa asnj\u00eb dat\u00eb t\u00eb negociatave, mbetet rikthimi i vizave p\u00ebr shqiptar\u00ebt!\u201d- shprehet i revoltuar ish-kryeministri.<\/p>","protected":false},"excerpt":{"rendered":"<p>Ish-kryeministri Sali Berisha i ka d\u00ebrguar nj\u00eb mesazh t\u00eb ashp\u00ebr, kryeministrit Edi Rama, nj\u00eb dit\u00eb pas mospranimit nga BE\u00a0p\u00ebr t\u00eb hapur negociatat e an\u00ebtar\u00ebsimit p\u00ebr Shqip\u00ebrin\u00eb. \u201cMir\u00ebm\u00ebngjes Edvin! \u2013 i drejtohet Berisha nga Fb. &#8211; Dielli lindi sot p\u00ebrs\u00ebri n\u00eb Shqip\u00ebri! Por pas Enverit, ti Edvin, del n\u00eb drit\u00ebn e tij si monstra e dyt\u00eb [&hellip;]<\/p>\n","protected":false},"author":2013,"featured_media":38756,"comment_status":"open","ping_status":"closed","sticky":false,"template":"","format":"standard","meta":{"footnotes":""},"categories":[241,235],"tags":[],"class_list":{"0":"post-111050","1":"post","2":"type-post","3":"status-publish","4":"format-standard","5":"has-post-thumbnail","7":"category-aktualitet","8":"category-vendi"},"_links":{"self":[{"href":"https:\/\/zjarr.tv\/en\/wp-json\/wp\/v2\/posts\/111050","targetHints":{"allow":["GET"]}}],"collection":[{"href":"https:\/\/zjarr.tv\/en\/wp-json\/wp\/v2\/posts"}],"about":[{"href":"https:\/\/zjarr.tv\/en\/wp-json\/wp\/v2\/types\/post"}],"author":[{"embeddable":true,"href":"https:\/\/zjarr.tv\/en\/wp-json\/wp\/v2\/users\/2013"}],"replies":[{"embeddable":true,"href":"https:\/\/zjarr.tv\/en\/wp-json\/wp\/v2\/comments?post=111050"}],"version-history":[{"count":0,"href":"https:\/\/zjarr.tv\/en\/wp-json\/wp\/v2\/posts\/111050\/revisions"}],"wp:featuredmedia":[{"embeddable":true,"href":"https:\/\/zjarr.tv\/en\/wp-json\/wp\/v2\/media\/38756"}],"wp:attachment":[{"href":"https:\/\/zjarr.tv\/en\/wp-json\/wp\/v2\/media?parent=111050"}],"wp:term":[{"taxonomy":"category","embeddable":true,"href":"https:\/\/zjarr.tv\/en\/wp-json\/wp\/v2\/categories?post=111050"},{"taxonomy":"post_tag","embeddable":true,"href":"https:\/\/zjarr.tv\/en\/wp-json\/wp\/v2\/tags?post=111050"}],"curies":[{"name":"wp","href":"https:\/\/api.w.org\/{rel}","templated":true}]}}