{"id":111052,"date":"2019-10-19T15:08:49","date_gmt":"2019-10-19T13:08:49","guid":{"rendered":"https:\/\/zjarr.tv\/?p=111052"},"modified":"2019-10-19T15:08:49","modified_gmt":"2019-10-19T13:08:49","slug":"ju-gjet-lende-narkotike-ne-banese-arrestohet-28-vjecari-emri","status":"publish","type":"post","link":"https:\/\/zjarr.tv\/en\/ju-gjet-lende-narkotike-ne-banese-arrestohet-28-vjecari-emri\/","title":{"rendered":"Ju gjet l\u00ebnd\u00eb narkotike n\u00eb banes\u00eb arrestohet 28 vje\u00e7ari, Emri"},"content":{"rendered":"<div class=\"readmore-text-here\">\n<p>Nj\u00eb 28 vje\u00e7ar \u00ebsht\u00eb arrestuar\u00a0pasi i \u00ebsht\u00eb gjetur n\u00eb banes\u00eb 3.5 kg l\u00ebnd\u00eb e dyshuar narkotike.<\/p>\n<p>Burime b\u00ebjn\u00eb dije se n\u00eb pranga ka r\u00ebn\u00eb Donald Demcellari banues n\u00eb fshatin Senican n\u00eb P\u00ebrmet.<\/p>\n<p>Njoftimi zyrtar:<\/p>\n<p>Goditet nj\u00eb rast i veprimtaris\u00eb kriminale n\u00eb fush\u00ebn e narkotik\u00ebve.<\/p>\n<p>Sekuestrohet 3 kg e 200 gr l\u00ebnd\u00eb e dyshuar narkotike Cannabis Sativa.<\/p>\n<p>Arrestohet n\u00eb flagranc\u00eb poseduesi i l\u00ebnd\u00ebs narkotike.<\/p>\n<p>Nga specialist\u00ebt e seksionit t\u00eb Hetimit t\u00eb Narkotik\u00ebve n\u00eb D.V.P. Gjirokast\u00ebr u b\u00eb arrestimi n\u00eb flagranc\u00eb i shtetasit: D.D., 28 vje\u00e7, banues n\u00eb fshatin Seni\u00e7an, P\u00ebrmet, pasi:<\/p>\n<p>Nga kontrolli i ushtruar nga sh\u00ebrbimet e policis\u00eb n\u00eb banes\u00ebn e tij , u gjet 3 kg e 200 gr l\u00ebnd\u00eb e dyshuar narkotike Cannabis Sativa, e cila u sekuestrua n\u00eb cil\u00ebsin\u00eb e prov\u00ebs materiale.<\/p>\n<p>Materialet p\u00ebr shtetasin e m\u00ebsip\u00ebrm i kaluan Prokuroris\u00eb Pran\u00eb Gjykat\u00ebs s\u00eb Shkall\u00ebs s\u00eb Par\u00eb P\u00ebrmet p\u00ebr vepr\u00ebn penale \u201cProdhimi dhe shitja e l\u00ebnd\u00ebve narkotike\u201d.<\/p>\n<p>&nbsp;<\/p>\n<\/div>\n<div id=\"rekl-33\"><\/div>","protected":false},"excerpt":{"rendered":"<p>Nj\u00eb 28 vje\u00e7ar \u00ebsht\u00eb arrestuar\u00a0pasi i \u00ebsht\u00eb gjetur n\u00eb banes\u00eb 3.5 kg l\u00ebnd\u00eb e dyshuar narkotike. Burime b\u00ebjn\u00eb dije se n\u00eb pranga ka r\u00ebn\u00eb Donald Demcellari banues n\u00eb fshatin Senican n\u00eb P\u00ebrmet. Njoftimi zyrtar: Goditet nj\u00eb rast i veprimtaris\u00eb kriminale n\u00eb fush\u00ebn e narkotik\u00ebve. Sekuestrohet 3 kg e 200 gr l\u00ebnd\u00eb e dyshuar narkotike Cannabis [&hellip;]<\/p>\n","protected":false},"author":2013,"featured_media":57185,"comment_status":"open","ping_status":"closed","sticky":false,"template":"","format":"standard","meta":{"footnotes":""},"categories":[241,235],"tags":[],"class_list":{"0":"post-111052","1":"post","2":"type-post","3":"status-publish","4":"format-standard","5":"has-post-thumbnail","7":"category-aktualitet","8":"category-vendi"},"_links":{"self":[{"href":"https:\/\/zjarr.tv\/en\/wp-json\/wp\/v2\/posts\/111052","targetHints":{"allow":["GET"]}}],"collection":[{"href":"https:\/\/zjarr.tv\/en\/wp-json\/wp\/v2\/posts"}],"about":[{"href":"https:\/\/zjarr.tv\/en\/wp-json\/wp\/v2\/types\/post"}],"author":[{"embeddable":true,"href":"https:\/\/zjarr.tv\/en\/wp-json\/wp\/v2\/users\/2013"}],"replies":[{"embeddable":true,"href":"https:\/\/zjarr.tv\/en\/wp-json\/wp\/v2\/comments?post=111052"}],"version-history":[{"count":0,"href":"https:\/\/zjarr.tv\/en\/wp-json\/wp\/v2\/posts\/111052\/revisions"}],"wp:featuredmedia":[{"embeddable":true,"href":"https:\/\/zjarr.tv\/en\/wp-json\/wp\/v2\/media\/57185"}],"wp:attachment":[{"href":"https:\/\/zjarr.tv\/en\/wp-json\/wp\/v2\/media?parent=111052"}],"wp:term":[{"taxonomy":"category","embeddable":true,"href":"https:\/\/zjarr.tv\/en\/wp-json\/wp\/v2\/categories?post=111052"},{"taxonomy":"post_tag","embeddable":true,"href":"https:\/\/zjarr.tv\/en\/wp-json\/wp\/v2\/tags?post=111052"}],"curies":[{"name":"wp","href":"https:\/\/api.w.org\/{rel}","templated":true}]}}