{"id":111066,"date":"2019-10-19T15:15:12","date_gmt":"2019-10-19T13:15:12","guid":{"rendered":"https:\/\/zjarr.tv\/?p=111066"},"modified":"2019-10-19T15:15:12","modified_gmt":"2019-10-19T13:15:12","slug":"agron-duka-zaev-dha-doreheqjen-rama-jo-shqiperia-ne-nje-udhekryq-te-madh","status":"publish","type":"post","link":"https:\/\/zjarr.tv\/en\/agron-duka-zaev-dha-doreheqjen-rama-jo-shqiperia-ne-nje-udhekryq-te-madh\/","title":{"rendered":"Agron Duka: Zaev dha dor\u00ebheqjen, Rama jo. Shqip\u00ebria n\u00eb nj\u00eb udh\u00ebkryq t\u00eb madh"},"content":{"rendered":"<p>Kryetari i Partis\u00eb Agrare Ambientaliste Agron Duka me an\u00eb t\u00eb nj\u00eb statusi n\u00eb \u201cFacebook\u201d shkruan se kryeministrii maqedonas Zoran Zaev e dha dor\u00ebheqjen pasi Maqedonia e Veriut d\u00ebshtoi t\u00eb hap\u00eb negociatat me Bashkimin Europian, nd\u00ebrsa Rama nuk e b\u00ebri k\u00ebt\u00eb gj\u00eb.<\/p>\n<p>Duka vler\u00ebson se Rama jo vet\u00ebm q\u00eb nuk d\u00ebrgon vendin n\u00eb zgjedhje t\u00eb parakohshme, por nuk ka gguxim as t\u00eb d\u00ebnoj\u00eb ata q\u00eb vodh\u00ebn votat gjat\u00eb zgjedhjeve t\u00eb vitit 2017. Agron Duka shprehet se Shqip\u00ebria duhet t\u00eb b\u00ebj\u00eb shum\u00eb p\u00ebr t\u00eb p\u00ebrm,bushur kushtet e Bundestagut, t\u00eb cilat do t\u00eb hapnin drit\u00ebn jeshile p\u00ebr Shqip\u00ebriin\u00eb drejt BE-s\u00eb.<\/p>\n<p><strong>Postimi i Agron Duk\u00ebs:<\/strong><\/p>\n<p>Teksa k\u00ebtu rreken ende t\u00eb gjejn\u00eb fajtorin diku tjet\u00ebr, e t\u00eb mos mbajn\u00eb p\u00ebrgjegj\u00ebsi p\u00ebr asgj\u00eb, kryeministri i Maqedonis\u00eb s\u00eb Veriut ka propozuar mbajtjen e zgjedhjeve t\u00eb parakohshme parlamentare. Sepse nj\u00eb demokraci bazohet mbi nj\u00eb pakt q\u00eb nis dit\u00ebn e zgjedhjeve, e kur ky pakt midis votuesit dhe t\u00eb zgjedhurit nuk respektohet, nuk jep dor\u00ebheqjen populli por politikani.<\/p>\n<p>Ka shum\u00eb arsye pse Zaev shkon n\u00eb zgjedhje t\u00eb parakohshme, dhe kryeministri yn\u00eb jo, megjithat\u00eb kryesorja \u00ebsht\u00eb se n\u00eb 2017 nuk pati zgjedhje. N\u00eb 2017 ndodhi ajo q\u00eb d\u00ebgjuam n\u00eb p\u00ebrgjimet e publikuara n\u00eb Bild, n\u00eb 2017 u grabit vota dhe bashk\u00eb me t\u00eb e ardhmja europiane e shqiptar\u00ebve.<\/p>\n<p>Nuk duhet pritur q\u00eb orkestruesit e k\u00ebsaj grabitje t\u00eb nd\u00ebrgjegj\u00ebsohen, as t\u00eb japin dor\u00ebheqje p\u00ebr d\u00ebshtimet e nj\u00ebpasnj\u00ebshme, as q\u00eb kryeministri t\u00eb imitoj\u00eb Zaevin ashtu si\u00e7 imitoi mikun tim Dash Shehi, pasi kontrat\u00ebn nuk e kan\u00eb me shqiptar\u00ebt.<\/p>\n<p>Prandaj, t\u00eb gjith\u00eb, jemi p\u00ebrball\u00eb nj\u00eb udh\u00ebkryqi t\u00eb madh.<\/p>\n<p>Sigurisht rruga e propozuar nga ne si opozit\u00eb nuk \u00ebsht\u00eb e leht\u00eb, jo vet\u00ebm sepse situata n\u00eb t\u00eb cil\u00ebn ndodhet vendi nuk zgjidhet me shkopin magjik, por sepse p\u00ebrgjigjet e lehta do t\u00eb riciklonin kriz\u00ebn n\u00eb rastin m\u00eb t\u00eb par\u00eb.<\/p>\n<p>Nuk \u00ebsht\u00eb e leht\u00eb sepse nuk \u00ebsht\u00eb vet\u00ebm protest\u00eb por edhe alternativ\u00eb. Propozimi yn\u00eb k\u00ebrkon q\u00eb zgjidhja p\u00ebrfundimtare e kriz\u00ebs t\u00eb kaloj\u00eb nga ndryshimi i kushteve q\u00eb e shkaktuan at\u00eb, nga nd\u00ebshkimi i krimit zgjedhor n\u00ebp\u00ebrmjet zbatimit t\u00eb platform\u00ebs me 9 pika t\u00eb miratuar nga miqt\u00eb tan\u00eb t\u00eb Bundestagut. Nj\u00eb platform\u00eb q\u00eb p\u00ebrfaq\u00ebson yllin polar t\u00eb orientimit politik t\u00eb opozit\u00ebs dhe alternativ\u00ebn e vetme p\u00ebr t\u00eb g\u00ebrshetuar serish fatet e Shqip\u00ebris\u00eb me ato t\u00eb BE-s\u00eb.<\/p>","protected":false},"excerpt":{"rendered":"<p>Kryetari i Partis\u00eb Agrare Ambientaliste Agron Duka me an\u00eb t\u00eb nj\u00eb statusi n\u00eb \u201cFacebook\u201d shkruan se kryeministrii maqedonas Zoran Zaev e dha dor\u00ebheqjen pasi Maqedonia e Veriut d\u00ebshtoi t\u00eb hap\u00eb negociatat me Bashkimin Europian, nd\u00ebrsa Rama nuk e b\u00ebri k\u00ebt\u00eb gj\u00eb. Duka vler\u00ebson se Rama jo vet\u00ebm q\u00eb nuk d\u00ebrgon vendin n\u00eb zgjedhje t\u00eb parakohshme, [&hellip;]<\/p>\n","protected":false},"author":2013,"featured_media":0,"comment_status":"open","ping_status":"closed","sticky":false,"template":"","format":"standard","meta":{"footnotes":""},"categories":[241,235],"tags":[],"class_list":{"0":"post-111066","1":"post","2":"type-post","3":"status-publish","4":"format-standard","6":"category-aktualitet","7":"category-vendi"},"_links":{"self":[{"href":"https:\/\/zjarr.tv\/en\/wp-json\/wp\/v2\/posts\/111066","targetHints":{"allow":["GET"]}}],"collection":[{"href":"https:\/\/zjarr.tv\/en\/wp-json\/wp\/v2\/posts"}],"about":[{"href":"https:\/\/zjarr.tv\/en\/wp-json\/wp\/v2\/types\/post"}],"author":[{"embeddable":true,"href":"https:\/\/zjarr.tv\/en\/wp-json\/wp\/v2\/users\/2013"}],"replies":[{"embeddable":true,"href":"https:\/\/zjarr.tv\/en\/wp-json\/wp\/v2\/comments?post=111066"}],"version-history":[{"count":0,"href":"https:\/\/zjarr.tv\/en\/wp-json\/wp\/v2\/posts\/111066\/revisions"}],"wp:attachment":[{"href":"https:\/\/zjarr.tv\/en\/wp-json\/wp\/v2\/media?parent=111066"}],"wp:term":[{"taxonomy":"category","embeddable":true,"href":"https:\/\/zjarr.tv\/en\/wp-json\/wp\/v2\/categories?post=111066"},{"taxonomy":"post_tag","embeddable":true,"href":"https:\/\/zjarr.tv\/en\/wp-json\/wp\/v2\/tags?post=111066"}],"curies":[{"name":"wp","href":"https:\/\/api.w.org\/{rel}","templated":true}]}}