{"id":111080,"date":"2019-10-19T15:28:45","date_gmt":"2019-10-19T13:28:45","guid":{"rendered":"https:\/\/zjarr.tv\/?p=111080"},"modified":"2019-10-19T15:28:45","modified_gmt":"2019-10-19T13:28:45","slug":"berisha-tjeter-pyetje-rames-si-e-shpjegon-qe-ti-kundershtuan-negociatat-2-qeveri-socialiste","status":"publish","type":"post","link":"https:\/\/zjarr.tv\/en\/berisha-tjeter-pyetje-rames-si-e-shpjegon-qe-ti-kundershtuan-negociatat-2-qeveri-socialiste\/","title":{"rendered":"Berisha, tjet\u00ebr pyetje Ram\u00ebs: Si e shpjegon q\u00eb t\u2019i kund\u00ebrshtuan negociatat, 2 qeveri socialiste?!"},"content":{"rendered":"<p>Ish-kryeministri Sali Berisha, i \u00ebsht\u00eb drejtuar s\u00ebrish kreut t\u00eb qeveris\u00eb sot, nj\u00eb dit\u00eb pas d\u00ebshtimit t\u00eb tij p\u00ebr hapjen e negociatave t\u00eb vendit me BE-n\u00eb, me nj\u00eb pyetje ther\u00ebse: Si e shpjegon Rama se dy prej qeverive q\u00eb kund\u00ebrshtuan hapjen e negociatave me Shqip\u00ebrin\u00eb, ishin socialiste?!<\/p>\n<p>Berisha shkruan n\u00eb Fb: \u201cNj\u00eb pyetje p\u00ebr kreun e Meduz\u00ebs, Edvin Kristaq Drog\u00ebn, Mbreti i Mbret\u00ebris\u00eb s\u00eb Hashashit (the king of kingdom of Marihuana)<\/p>\n<p>Si ua shpjegon ti, o mbret i mbret\u00ebris\u00eb s\u00eb Hashashit, si\u00e7list\u00ebve shqiptar\u00eb, faktin q\u00eb dje n\u00eb Bruksel, nga kat\u00ebr qeveri q\u00eb kund\u00ebrshtuan hapjen me 9 kushte t\u00eb negociatave me Shqip\u00ebrin\u00eb, dy ishin socialiste, qeveria e Spanj\u00ebs dhe ajo e Danimark\u00ebs?!\u201d<\/p>\n<p>Sh\u00ebnimin e tij Berisha e ka shoq\u00ebruar me k\u00ebt\u00eb karikatur\u00eb.<\/p>","protected":false},"excerpt":{"rendered":"<p>Ish-kryeministri Sali Berisha, i \u00ebsht\u00eb drejtuar s\u00ebrish kreut t\u00eb qeveris\u00eb sot, nj\u00eb dit\u00eb pas d\u00ebshtimit t\u00eb tij p\u00ebr hapjen e negociatave t\u00eb vendit me BE-n\u00eb, me nj\u00eb pyetje ther\u00ebse: Si e shpjegon Rama se dy prej qeverive q\u00eb kund\u00ebrshtuan hapjen e negociatave me Shqip\u00ebrin\u00eb, ishin socialiste?! Berisha shkruan n\u00eb Fb: \u201cNj\u00eb pyetje p\u00ebr kreun e [&hellip;]<\/p>\n","protected":false},"author":2013,"featured_media":111081,"comment_status":"open","ping_status":"closed","sticky":false,"template":"","format":"standard","meta":{"footnotes":""},"categories":[241,235],"tags":[],"class_list":{"0":"post-111080","1":"post","2":"type-post","3":"status-publish","4":"format-standard","5":"has-post-thumbnail","7":"category-aktualitet","8":"category-vendi"},"_links":{"self":[{"href":"https:\/\/zjarr.tv\/en\/wp-json\/wp\/v2\/posts\/111080","targetHints":{"allow":["GET"]}}],"collection":[{"href":"https:\/\/zjarr.tv\/en\/wp-json\/wp\/v2\/posts"}],"about":[{"href":"https:\/\/zjarr.tv\/en\/wp-json\/wp\/v2\/types\/post"}],"author":[{"embeddable":true,"href":"https:\/\/zjarr.tv\/en\/wp-json\/wp\/v2\/users\/2013"}],"replies":[{"embeddable":true,"href":"https:\/\/zjarr.tv\/en\/wp-json\/wp\/v2\/comments?post=111080"}],"version-history":[{"count":0,"href":"https:\/\/zjarr.tv\/en\/wp-json\/wp\/v2\/posts\/111080\/revisions"}],"wp:featuredmedia":[{"embeddable":true,"href":"https:\/\/zjarr.tv\/en\/wp-json\/wp\/v2\/media\/111081"}],"wp:attachment":[{"href":"https:\/\/zjarr.tv\/en\/wp-json\/wp\/v2\/media?parent=111080"}],"wp:term":[{"taxonomy":"category","embeddable":true,"href":"https:\/\/zjarr.tv\/en\/wp-json\/wp\/v2\/categories?post=111080"},{"taxonomy":"post_tag","embeddable":true,"href":"https:\/\/zjarr.tv\/en\/wp-json\/wp\/v2\/tags?post=111080"}],"curies":[{"name":"wp","href":"https:\/\/api.w.org\/{rel}","templated":true}]}}