{"id":111089,"date":"2019-10-20T13:14:57","date_gmt":"2019-10-20T11:14:57","guid":{"rendered":"https:\/\/zjarr.tv\/?p=111089"},"modified":"2019-10-20T13:14:57","modified_gmt":"2019-10-20T11:14:57","slug":"mehmetaj-dyshes-rama-cakaj-doreheqja-eshte-pak-duhet-te-pergjigjeni-para-ligjit","status":"publish","type":"post","link":"https:\/\/zjarr.tv\/en\/mehmetaj-dyshes-rama-cakaj-doreheqja-eshte-pak-duhet-te-pergjigjeni-para-ligjit\/","title":{"rendered":"Mehmetaj dyshes Rama-Cakaj: Dor\u00ebheqja \u00ebsht\u00eb pak, duhet t\u00eb p\u00ebrgjigjeni para ligjit"},"content":{"rendered":"<p>N\u00ebnkryetarja e L\u00ebvizjes Socialiste p\u00ebr Integrim, Kejdi Mehmetaj ka reaguar ashp\u00ebr ndaj q\u00ebndrimit t\u00eb ministrit n\u00eb detyr\u00eb p\u00ebr Pun\u00ebt e Jashtme, Gent Cakaj, i cili hoqi \u00e7do p\u00ebrgjegj\u00ebsi nga qeveria p\u00ebr d\u00ebshtimin e hapjes s\u00eb negociatave t\u00eb an\u00ebtar\u00ebsimit t\u00eb Shqip\u00ebris\u00eb n\u00eb Bashkimin Europian.<\/p>\n<p>P\u00ebrmes nj\u00eb reagimi n\u00eb Facebook, ish-deputetja e Opozit\u00ebs shprehet nd\u00ebr t\u00eb tjera se, dor\u00ebheqja p\u00ebr t\u00eb dhe kryeministrin Edi Rama \u00ebsht\u00eb pak, pasi sipas saj, duhet t\u00eb mbajn\u00eb p\u00ebrgjegj\u00ebsi para ligjit.<\/p>\n<p><strong>Postimi i plot\u00eb i Kejdi Mehmetaj:<\/strong><\/p>\n<p>N\u00eb momentin q\u00eb pash lajm\u00ebrimin p\u00ebr konferenc\u00ebn e shtypit t\u00eb Z\u00ebvend\u00ebsit, Z.Caka, mendova se KM e kishte planifikuar \u201ckurbanin\u201d e rradh\u00ebs e n\u00eb vend t\u00eb tij do kishte detyruar z\u00ebvend\u00ebsin t\u00eb dor\u00ebhiqej.<\/p>\n<p>Por jo!<\/p>\n<p>Pas nj\u00eb p\u00ebrpjekjeje shum\u00eb t\u00eb v\u00ebshtir\u00eb p\u00ebr t\u00eb kuptuar \u00e7far\u00eb donte t\u00eb thoshte Z.Caka (dhe vet\u00ebkuptohet se v\u00ebshtir\u00ebsia nuk vinte nga dialekti) gjat\u00eb konferenc\u00ebs s\u00eb shtypit, dola n\u00eb 3 p\u00ebrfundime:<\/p>\n<p>1- Me k\u00ebt\u00eb nivel t\u00eb dob\u00ebt diplomacie, Shqip\u00ebria edhe sikur te ishte e zhvilluar sa Zvicra, nuk do ja dilte t\u00eb avanconte n\u00eb proceset integruese.<\/p>\n<p>2-Si rrjedhoj\u00eb e naivitetit apo porosis\u00eb, Z\u00ebvend\u00ebsi Caka vazhdoi t\u00eb p\u00ebrs\u00ebris\u00eb dogmat d\u00ebshp\u00ebruese t\u00eb Ram\u00ebs se krimi, azilk\u00ebrkuesit, abuzimi me pushtetin dhe autokracia n\u00eb Shqip\u00ebri jan\u00eb bishta q\u00eb i p\u00ebrdork\u00ebrka Macron p\u00ebr t\u00eb fituar vota n\u00eb Franc\u00eb<\/p>\n<p>3- Se Edi Rama, Z\u00ebvend\u00ebsi e ministrat e qeveris\u00eb, nuk kan\u00eb p\u00ebrse t\u00eb largohen se nuk kan\u00eb premtuar ndonj\u00ebher\u00eb hapjen e negociatave (kujtoj k\u00ebtu deklarat\u00ebn publike t\u00eb 2018 ku Rama tha se negociatat jan\u00eb hapur e kemi marr\u00eb dat\u00ebn e fillimit t\u00eb pun\u00ebs).<\/p>\n<p>Tani, n\u00ebse e marrim t\u00eb mir\u00ebqen\u00eb se ata nuk kan\u00eb premtuar \u00e7eljen e negociatave, a mos vall\u00eb kan\u00eb premtuar diku MiniSchengen-in Ballkanit pa Kosov\u00ebn e Malin e Zi, nj\u00ebsoj si kishin premtuar ndarjen e Kosov\u00ebs? Dhe mbi t\u00eb gjitha kujt ja kan\u00eb b\u00ebr\u00eb k\u00ebt\u00eb premtin e \u00e7far\u00eb fitojn\u00eb nga trazirat q\u00eb mund t\u00eb krijohen n\u00eb rajon si rrjedhoj\u00eb e realizimit t\u00eb k\u00ebtyre premtimeve?<\/p>\n<p>Dor\u00ebheqja \u00ebsht\u00eb pak, k\u00ebta duhet t\u00eb mbajn\u00eb p\u00ebrgjegj\u00ebsi p\u00ebrpara ligjit.<\/p>","protected":false},"excerpt":{"rendered":"<p>N\u00ebnkryetarja e L\u00ebvizjes Socialiste p\u00ebr Integrim, Kejdi Mehmetaj ka reaguar ashp\u00ebr ndaj q\u00ebndrimit t\u00eb ministrit n\u00eb detyr\u00eb p\u00ebr Pun\u00ebt e Jashtme, Gent Cakaj, i cili hoqi \u00e7do p\u00ebrgjegj\u00ebsi nga qeveria p\u00ebr d\u00ebshtimin e hapjes s\u00eb negociatave t\u00eb an\u00ebtar\u00ebsimit t\u00eb Shqip\u00ebris\u00eb n\u00eb Bashkimin Europian. P\u00ebrmes nj\u00eb reagimi n\u00eb Facebook, ish-deputetja e Opozit\u00ebs shprehet nd\u00ebr t\u00eb tjera [&hellip;]<\/p>\n","protected":false},"author":2013,"featured_media":105564,"comment_status":"open","ping_status":"closed","sticky":false,"template":"","format":"standard","meta":{"footnotes":""},"categories":[241,235],"tags":[],"class_list":{"0":"post-111089","1":"post","2":"type-post","3":"status-publish","4":"format-standard","5":"has-post-thumbnail","7":"category-aktualitet","8":"category-vendi"},"_links":{"self":[{"href":"https:\/\/zjarr.tv\/en\/wp-json\/wp\/v2\/posts\/111089","targetHints":{"allow":["GET"]}}],"collection":[{"href":"https:\/\/zjarr.tv\/en\/wp-json\/wp\/v2\/posts"}],"about":[{"href":"https:\/\/zjarr.tv\/en\/wp-json\/wp\/v2\/types\/post"}],"author":[{"embeddable":true,"href":"https:\/\/zjarr.tv\/en\/wp-json\/wp\/v2\/users\/2013"}],"replies":[{"embeddable":true,"href":"https:\/\/zjarr.tv\/en\/wp-json\/wp\/v2\/comments?post=111089"}],"version-history":[{"count":0,"href":"https:\/\/zjarr.tv\/en\/wp-json\/wp\/v2\/posts\/111089\/revisions"}],"wp:featuredmedia":[{"embeddable":true,"href":"https:\/\/zjarr.tv\/en\/wp-json\/wp\/v2\/media\/105564"}],"wp:attachment":[{"href":"https:\/\/zjarr.tv\/en\/wp-json\/wp\/v2\/media?parent=111089"}],"wp:term":[{"taxonomy":"category","embeddable":true,"href":"https:\/\/zjarr.tv\/en\/wp-json\/wp\/v2\/categories?post=111089"},{"taxonomy":"post_tag","embeddable":true,"href":"https:\/\/zjarr.tv\/en\/wp-json\/wp\/v2\/tags?post=111089"}],"curies":[{"name":"wp","href":"https:\/\/api.w.org\/{rel}","templated":true}]}}