{"id":111096,"date":"2019-10-20T13:17:07","date_gmt":"2019-10-20T11:17:07","guid":{"rendered":"https:\/\/zjarr.tv\/?p=111096"},"modified":"2019-10-20T13:17:07","modified_gmt":"2019-10-20T11:17:07","slug":"fuste-djathe-kontrabande-nga-maqedonia-arrestohet-32-vjecari","status":"publish","type":"post","link":"https:\/\/zjarr.tv\/en\/fuste-djathe-kontrabande-nga-maqedonia-arrestohet-32-vjecari\/","title":{"rendered":"Fuste djath\u00eb kontraband\u00eb nga Maqedonia, arrestohet 32 vje\u00e7ari"},"content":{"rendered":"<p>Nj\u00eb 32-vje\u00e7ar i cili po transportonte 142 koli me djath\u00eb u arrestua nga policia e Elbasanit.<\/p>\n<p>B\u00ebhet fjal\u00eb p\u00ebr shtetasin me iniciale M.Z nga Tirana, t\u00eb cilin policia e kontrolloi n\u00eb makin\u00ebn q\u00eb ai drejtonte<\/p>\n<p>&#8220;Gjat\u00eb kontrollit Policia gjeti dhe \u00a0sekuestroi n\u00eb cil\u00ebsin\u00eb e prov\u00ebs materiale 142 koli me djath\u00eb. Nga veprimet e para hetimore \u00a0dyshohet t\u00eb jet\u00eb futur \u00a0kontraband\u00eb nga Maqedonia e Veriut&#8221;, sqaron policia.<\/p>\n<p>Materiale hetimore i kaluan Prokuroris\u00eb pran\u00eb Gjykat\u00ebs s\u00eb Shkall\u00ebs Par\u00eb Elbasan, p\u00ebr veprat penale, \u00a0&#8220;Tregtimi dhe transportimi i mallrave q\u00eb jan\u00eb kontraband\u00eb&#8221;, dhe &#8220;Fshehja e t\u00eb ardhurave&#8221;.<\/p>","protected":false},"excerpt":{"rendered":"<p>Nj\u00eb 32-vje\u00e7ar i cili po transportonte 142 koli me djath\u00eb u arrestua nga policia e Elbasanit. B\u00ebhet fjal\u00eb p\u00ebr shtetasin me iniciale M.Z nga Tirana, t\u00eb cilin policia e kontrolloi n\u00eb makin\u00ebn q\u00eb ai drejtonte &#8220;Gjat\u00eb kontrollit Policia gjeti dhe \u00a0sekuestroi n\u00eb cil\u00ebsin\u00eb e prov\u00ebs materiale 142 koli me djath\u00eb. Nga veprimet e para hetimore [&hellip;]<\/p>\n","protected":false},"author":2013,"featured_media":111097,"comment_status":"open","ping_status":"closed","sticky":false,"template":"","format":"standard","meta":{"footnotes":""},"categories":[241,235],"tags":[],"class_list":{"0":"post-111096","1":"post","2":"type-post","3":"status-publish","4":"format-standard","5":"has-post-thumbnail","7":"category-aktualitet","8":"category-vendi"},"_links":{"self":[{"href":"https:\/\/zjarr.tv\/en\/wp-json\/wp\/v2\/posts\/111096","targetHints":{"allow":["GET"]}}],"collection":[{"href":"https:\/\/zjarr.tv\/en\/wp-json\/wp\/v2\/posts"}],"about":[{"href":"https:\/\/zjarr.tv\/en\/wp-json\/wp\/v2\/types\/post"}],"author":[{"embeddable":true,"href":"https:\/\/zjarr.tv\/en\/wp-json\/wp\/v2\/users\/2013"}],"replies":[{"embeddable":true,"href":"https:\/\/zjarr.tv\/en\/wp-json\/wp\/v2\/comments?post=111096"}],"version-history":[{"count":0,"href":"https:\/\/zjarr.tv\/en\/wp-json\/wp\/v2\/posts\/111096\/revisions"}],"wp:featuredmedia":[{"embeddable":true,"href":"https:\/\/zjarr.tv\/en\/wp-json\/wp\/v2\/media\/111097"}],"wp:attachment":[{"href":"https:\/\/zjarr.tv\/en\/wp-json\/wp\/v2\/media?parent=111096"}],"wp:term":[{"taxonomy":"category","embeddable":true,"href":"https:\/\/zjarr.tv\/en\/wp-json\/wp\/v2\/categories?post=111096"},{"taxonomy":"post_tag","embeddable":true,"href":"https:\/\/zjarr.tv\/en\/wp-json\/wp\/v2\/tags?post=111096"}],"curies":[{"name":"wp","href":"https:\/\/api.w.org\/{rel}","templated":true}]}}