{"id":111100,"date":"2019-10-20T13:19:25","date_gmt":"2019-10-20T11:19:25","guid":{"rendered":"https:\/\/zjarr.tv\/?p=111100"},"modified":"2019-10-20T13:19:25","modified_gmt":"2019-10-20T11:19:25","slug":"macron-hapjen-e-negociatave-me-shqiperine-e-kundershtuan-shumica-e-vendeve-te-be","status":"publish","type":"post","link":"https:\/\/zjarr.tv\/en\/macron-hapjen-e-negociatave-me-shqiperine-e-kundershtuan-shumica-e-vendeve-te-be\/","title":{"rendered":"Macron: Hapjen e negociatave me Shqip\u00ebrin\u00eb e kund\u00ebrshtuan shumica e vendeve t\u00eb BE"},"content":{"rendered":"<p>Ish-kryeministri Sali Berisha ka ndar\u00eb me ndjek\u00ebsit e tij ne Facebook nj\u00eb video t\u00eb Presidentit t\u00eb Franc\u00ebs Emanuel Macron, i cili shpjegon t\u00eb vertet\u00ebn n\u00eb lidhje me qendrimin e BE p\u00ebr moshapjen e negociatave me Shqip\u00ebrin\u00eb dhe Maqedonin\u00eb e Veriut.<\/p>\n<p><em>&#8216;Hapjen e negociatave me Shqip\u00ebrin\u00eb e kund\u00ebrshtuan shumica e vendeve t\u00eb BE<\/em>-, shkruan Berisha duke shtuar se-<em>k\u00ebt\u00eb deklaron bot\u00ebrisht Presidenti Emanuel Macron<\/em>&#8216;.<\/p>\n<p><em>&#8216;Ai hedh posht\u00eb mashtrimin e kreut t\u00eb meduz\u00ebs Edvin Kristaq Mafia dhe velin\u00ebs s\u00eb tij Sugar Cakajt!&#8217;<\/em>, vijon ish-kryeministri Berisha.<\/p>\n<p><strong>Ja postimi i plot\u00eb i ish Kryministrit Sali Berisha:<\/strong><\/p>\n<p><em>Presidenti Macron u thot\u00eb shqiptar\u00ebve t\u00eb vertet\u00ebn:<\/em><\/p>\n<p><em>\u201cHapjen e negociatave me Shqip\u00ebrin\u00eb e kund\u00ebrshtuan shumica e vendeve t\u00eb BE\u201d<\/em><\/p>\n<p><em>K\u00ebt\u00eb deklaron bot\u00ebrisht Presidenti Emanuel Macron. Ai hedh posht\u00eb mashtrimin e kreut t\u00eb meduz\u00ebs Edvin Kristaq Mafia dhe velin\u00ebs s\u00eb tij Sugar Cakajt!<\/em><\/p>\n<p><em>Euronews jep deklaraten me z\u00eb, figur\u00eb dhe t\u00ebitter t\u00eb presidentit Macron!<\/em><\/p>\n<p><em>Ketu m\u00eb posht\u00eb keni videon e deklarat\u00ebs t\u00eb Presidentit t\u00eb Franc\u00ebs, Macron n\u00eb Euronews. Ndiqeni at\u00eb. sb<\/em><\/p>\n<p><em>\u201cDje d\u00ebgjova disa fjal\u00eb se ne pothuajse arrit\u00ebm uninamitet p\u00ebr hapjen e bisedimeve me Shqip\u00ebrin\u00eb dhe Maqedonin\u00eb e Veriut. nuk \u00ebsht\u00eb e v\u00ebrtet\u00eb. Padyshim, aty kishte nj\u00eb shumic\u00eb te gjere q\u00eb Maqedonis\u00eb s\u00eb Veriut ti hapen negociatat, por shumica e shteteve ishin kund\u00ebr Shqip\u00ebris\u00eb. Nisja e bisedimeve t\u00eb an\u00ebtar\u00ebsimit vet\u00ebm me nj\u00eb vend do t\u00eb ishte nj\u00eb gabim i tmerrsh\u00ebm p\u00ebr Ballkanin\u201d tha Macron.<\/em><\/p>\n<p><iframe loading=\"lazy\" src=\"https:\/\/video.syri.net\/embed\/oLAHQRp34Cmaeuc\" width=\"700\" height=\"400\" frameborder=\"0\" allowfullscreen=\"allowfullscreen\" data-mce-fragment=\"1\"><\/iframe><\/p>","protected":false},"excerpt":{"rendered":"<p>Ish-kryeministri Sali Berisha ka ndar\u00eb me ndjek\u00ebsit e tij ne Facebook nj\u00eb video t\u00eb Presidentit t\u00eb Franc\u00ebs Emanuel Macron, i cili shpjegon t\u00eb vertet\u00ebn n\u00eb lidhje me qendrimin e BE p\u00ebr moshapjen e negociatave me Shqip\u00ebrin\u00eb dhe Maqedonin\u00eb e Veriut. &#8216;Hapjen e negociatave me Shqip\u00ebrin\u00eb e kund\u00ebrshtuan shumica e vendeve t\u00eb BE-, shkruan Berisha duke [&hellip;]<\/p>\n","protected":false},"author":2013,"featured_media":69441,"comment_status":"open","ping_status":"closed","sticky":false,"template":"","format":"standard","meta":{"footnotes":""},"categories":[241,235],"tags":[],"class_list":{"0":"post-111100","1":"post","2":"type-post","3":"status-publish","4":"format-standard","5":"has-post-thumbnail","7":"category-aktualitet","8":"category-vendi"},"_links":{"self":[{"href":"https:\/\/zjarr.tv\/en\/wp-json\/wp\/v2\/posts\/111100","targetHints":{"allow":["GET"]}}],"collection":[{"href":"https:\/\/zjarr.tv\/en\/wp-json\/wp\/v2\/posts"}],"about":[{"href":"https:\/\/zjarr.tv\/en\/wp-json\/wp\/v2\/types\/post"}],"author":[{"embeddable":true,"href":"https:\/\/zjarr.tv\/en\/wp-json\/wp\/v2\/users\/2013"}],"replies":[{"embeddable":true,"href":"https:\/\/zjarr.tv\/en\/wp-json\/wp\/v2\/comments?post=111100"}],"version-history":[{"count":0,"href":"https:\/\/zjarr.tv\/en\/wp-json\/wp\/v2\/posts\/111100\/revisions"}],"wp:featuredmedia":[{"embeddable":true,"href":"https:\/\/zjarr.tv\/en\/wp-json\/wp\/v2\/media\/69441"}],"wp:attachment":[{"href":"https:\/\/zjarr.tv\/en\/wp-json\/wp\/v2\/media?parent=111100"}],"wp:term":[{"taxonomy":"category","embeddable":true,"href":"https:\/\/zjarr.tv\/en\/wp-json\/wp\/v2\/categories?post=111100"},{"taxonomy":"post_tag","embeddable":true,"href":"https:\/\/zjarr.tv\/en\/wp-json\/wp\/v2\/tags?post=111100"}],"curies":[{"name":"wp","href":"https:\/\/api.w.org\/{rel}","templated":true}]}}