{"id":111110,"date":"2019-10-20T13:43:26","date_gmt":"2019-10-20T11:43:26","guid":{"rendered":"https:\/\/zjarr.tv\/?p=111110"},"modified":"2019-10-20T13:43:26","modified_gmt":"2019-10-20T11:43:26","slug":"perleshje-ne-tirane-te-plagosur-e-te-arrestuar","status":"publish","type":"post","link":"https:\/\/zjarr.tv\/en\/perleshje-ne-tirane-te-plagosur-e-te-arrestuar\/","title":{"rendered":"P\u00ebrleshje n\u00eb Tiran\u00eb, t\u00eb plagosur e t\u00eb arrestuar"},"content":{"rendered":"<p>Ka plagosur, me mjete t\u00eb forta nj\u00eb 28 vje\u00e7ar n\u00eb nj\u00eb fshat t\u00eb Tiran\u00ebs por \u00ebsht\u00eb arrestuar\u00a0nga policia.<\/p>\n<p>\u201dNga specialist\u00ebt p\u00ebr parandalimin dhe hetimin e krimit n\u00eb Komisariatin e Policis\u00eb Nr.6 u b\u00eb arrestimi n\u00eb flagranc\u00eb p\u00ebr vepr\u00ebn penale \u201cPlagosje e r\u00ebnd\u00eb me dashje\u201d, i shtetasit:<\/p>\n<p>&#8211; F. K., 33 vje\u00e7, banues n\u00eb Tiran\u00eb.<\/p>\n<div id=\"rekl-13\">\n<div id=\"__sap-ad-15\" class=\"__sap-ads __sap-html tracked\" data-title=\"Credins desktop 08\"><ins><\/p>\n<div id=\"beacon_4d676c85d2\"><img loading=\"lazy\" decoding=\"async\" src=\"https:\/\/ads1.medium.al\/www\/delivery\/lg.php?bannerid=429&amp;campaignid=59&amp;zoneid=232&amp;loc=https%3A%2F%2Fwww.syri.net%2Fkronike%2F288312%2Fperleshje-ne-tirane-te-plagosur-e-te-arrestuar%2F&amp;referer=https%3A%2F%2Fwww.syri.net%2Flajme%2F&amp;cb=4d676c85d2\" alt=\"\" width=\"0\" height=\"0\" \/><\/div>\n<p><\/ins><\/div>\n<\/div>\n<p>N\u00eb vendin e quajtur \u201cFush\u00eb-M\u00ebzez\u201d ky shtetas p\u00ebr motive t\u00eb dob\u00ebta ka goditur me grushte dhe mjete t\u00eb forta shtetasin A. D., 28 vje\u00e7, i cili ndodhet n\u00eb spitalin e traum\u00ebs n\u00ebn kujdesin e mjek\u00ebve.<\/p>\n<p><strong>Ja njoftimi i plot\u00eb i policis\u00eb:<\/strong><\/p>\n<p>Tiran\u00eb<\/p>\n<p>Plagos nj\u00eb shtetas p\u00ebr motive t\u00eb dob\u00ebta me mjete t\u00eb forta, vihet n\u00eb pranga nga sh\u00ebrbimet e Komisariatit t\u00eb Policis\u00eb Nr.6.<\/p>\n<p>N\u00eb pranga dhe dy shtetas t\u00eb tjer\u00eb, t\u00eb cil\u00ebt kan\u00eb nd\u00ebrhyr\u00eb duke kund\u00ebrshtuar dhe goditur punonj\u00ebsit e policis\u00eb q\u00eb mos t\u00eb arrestonin dhe shoq\u00ebronin n\u00eb Komisariat autorin e plagosjes.<\/p>\n<p>Nga specialist\u00ebt p\u00ebr parandalimin dhe hetimin e krimit n\u00eb Komisariatin e Policis\u00eb Nr.6 u b\u00eb arrestimi n\u00eb flagranc\u00eb p\u00ebr vepr\u00ebn penale \u201cPlagosje e r\u00ebnd\u00eb me dashje\u201d, i shtetasit:<\/p>\n<p>&#8211; F. K., 33 vje\u00e7, banues n\u00eb Tiran\u00eb.<\/p>\n<p>N\u00eb vendin e quajtur \u201cFush\u00eb-M\u00ebzez\u201d ky shtetas p\u00ebr motive t\u00eb dob\u00ebta ka goditur me grushte dhe mjete t\u00eb forta shtetasin A. D., 28 vje\u00e7, i cili ndodhet n\u00eb spitalin e traum\u00ebs n\u00ebn kujdesin e mjek\u00ebve.<\/p>\n<p>Gjithashtu u arrestuan n\u00eb flagranc\u00eb p\u00ebr veprat penale \u201cKund\u00ebrshtimi i punonj\u00ebsit t\u00eb policis\u00eb\u201d dhe \u201cGoditja p\u00ebr shkak t\u00eb detyr\u00ebs\u201d, shtetasit:<\/p>\n<p>&#8211; F. D., 39 vje\u00e7;<br \/>\n&#8211; H. H., 35 vje\u00e7 (t\u00eb dy banues n\u00eb Tiran\u00eb).<\/p>\n<p>K\u00ebta dy shtetas n\u00eb momentin e arrestimit t\u00eb shtetasit F. K., kan\u00eb nd\u00ebrhyr\u00eb duke kund\u00ebrshtuar dhe goditur p\u00ebr shkak t\u00eb detyr\u00ebs, punonj\u00ebsit e \u201cForc\u00ebs s\u00eb Posa\u00e7me Shigjeta\u201d t\u00eb cil\u00ebt do b\u00ebnin shoq\u00ebrimin e shtetasit F. K., p\u00ebr n\u00eb Komisariat.<\/p>\n<p>Materialet procedurale iu referuan p\u00ebr veprime t\u00eb m\u00ebtejshme Prokuroris\u00eb pran\u00eb Gjykat\u00ebs s\u00eb Shkall\u00ebs s\u00eb Par\u00eb Tiran\u00eb.<\/p>","protected":false},"excerpt":{"rendered":"<p>Ka plagosur, me mjete t\u00eb forta nj\u00eb 28 vje\u00e7ar n\u00eb nj\u00eb fshat t\u00eb Tiran\u00ebs por \u00ebsht\u00eb arrestuar\u00a0nga policia. \u201dNga specialist\u00ebt p\u00ebr parandalimin dhe hetimin e krimit n\u00eb Komisariatin e Policis\u00eb Nr.6 u b\u00eb arrestimi n\u00eb flagranc\u00eb p\u00ebr vepr\u00ebn penale \u201cPlagosje e r\u00ebnd\u00eb me dashje\u201d, i shtetasit: &#8211; F. K., 33 vje\u00e7, banues n\u00eb Tiran\u00eb. N\u00eb [&hellip;]<\/p>\n","protected":false},"author":2013,"featured_media":59037,"comment_status":"open","ping_status":"closed","sticky":false,"template":"","format":"standard","meta":{"footnotes":""},"categories":[241,235],"tags":[],"class_list":{"0":"post-111110","1":"post","2":"type-post","3":"status-publish","4":"format-standard","5":"has-post-thumbnail","7":"category-aktualitet","8":"category-vendi"},"_links":{"self":[{"href":"https:\/\/zjarr.tv\/en\/wp-json\/wp\/v2\/posts\/111110","targetHints":{"allow":["GET"]}}],"collection":[{"href":"https:\/\/zjarr.tv\/en\/wp-json\/wp\/v2\/posts"}],"about":[{"href":"https:\/\/zjarr.tv\/en\/wp-json\/wp\/v2\/types\/post"}],"author":[{"embeddable":true,"href":"https:\/\/zjarr.tv\/en\/wp-json\/wp\/v2\/users\/2013"}],"replies":[{"embeddable":true,"href":"https:\/\/zjarr.tv\/en\/wp-json\/wp\/v2\/comments?post=111110"}],"version-history":[{"count":0,"href":"https:\/\/zjarr.tv\/en\/wp-json\/wp\/v2\/posts\/111110\/revisions"}],"wp:featuredmedia":[{"embeddable":true,"href":"https:\/\/zjarr.tv\/en\/wp-json\/wp\/v2\/media\/59037"}],"wp:attachment":[{"href":"https:\/\/zjarr.tv\/en\/wp-json\/wp\/v2\/media?parent=111110"}],"wp:term":[{"taxonomy":"category","embeddable":true,"href":"https:\/\/zjarr.tv\/en\/wp-json\/wp\/v2\/categories?post=111110"},{"taxonomy":"post_tag","embeddable":true,"href":"https:\/\/zjarr.tv\/en\/wp-json\/wp\/v2\/tags?post=111110"}],"curies":[{"name":"wp","href":"https:\/\/api.w.org\/{rel}","templated":true}]}}