{"id":111112,"date":"2019-10-20T13:46:18","date_gmt":"2019-10-20T11:46:18","guid":{"rendered":"https:\/\/zjarr.tv\/?p=111112"},"modified":"2019-10-20T13:46:18","modified_gmt":"2019-10-20T11:46:18","slug":"gjosha-fajin-e-ka-europa-mashtrimi-i-radhes-i-edi-rames","status":"publish","type":"post","link":"https:\/\/zjarr.tv\/en\/gjosha-fajin-e-ka-europa-mashtrimi-i-radhes-i-edi-rames\/","title":{"rendered":"Gjosha: &#8216;Fajin e ka europa&#8217;, mashtrimi i radh\u00ebs i Edi Ram\u00ebs"},"content":{"rendered":"<p>Ish Ministrja e Integrimit Klajda Gjosha ka komentuar me nj\u00eb sh\u00ebnim n\u00eb faqen e saj n\u00eb facebook moshapjen\u00a0e negociatve per Shqip\u00ebrine\u00a0nga ana e K\u00ebshilit Europian.<\/p>\n<p>\u201cD\u00ebgjova edhe Kryeministrin t\u00eb shpejtonte n\u00eb mashtrimin e rradh\u00ebs, me sloganin \u2018Fajin e ka Evropa\u2019 dhe se problemet e brendshme t\u00eb BE penalizuan Shqip\u00ebrin\u00eb!\u201d, shkruan Gjosha ne postimin e saj duke parashtruar nj\u00eb s\u00ebr\u00eb argumentash e t\u00eb vertetash q\u00eb ndikuan n\u00eb k\u00ebt\u00eb vendim.<\/p>\n<p><strong>Ja postimi i plot\u00eb i Klajda Gjosh\u00ebs:<\/strong><\/p>\n<p>Kam d\u00ebgjuar me v\u00ebmendje debatin e dit\u00ebve t\u00eb fundit mbi mbledhjen e K\u00ebshillit Evropian p\u00ebr negociatat. D\u00ebgjova edhe Kryeministrin t\u00eb shpejtonte n\u00eb mashtrimin e rradh\u00ebs, me sloganin \u2018Fajin e ka Evropa\u2019 dhe se problemet e brendshme t\u00eb BE penalizuan Shqip\u00ebrin\u00eb!<\/p>\n<p>Po si \u00ebsht\u00eb e mundur q\u00eb nj\u00eb BE me kaq probleme diskuton n\u00eb nj\u00eb mbledhje maraton\u00eb p\u00ebr zgjerimin? A nuk do duhej q\u00eb ajo t\u00eb merrej m\u00eb shum\u00eb me problemet e saj?<\/p>\n<p>Si \u00ebsht\u00eb e mundur q\u00eb nj\u00eb nga problemet kryesore t\u00eb brendshme ka t\u00eb b\u00ebj\u00eb pik\u00ebrisht me metodologjin\u00eb e zgjerimit dhe kredibilitetin e Komisionit Europian?<\/p>\n<p>Si \u00ebsht\u00eb e mundur q\u00eb Shqip\u00ebria \u00ebsht\u00eb kthyer n\u00eb moll\u00ebn e sherrit t\u00eb cdo argumenti nga vendet an\u00ebtare?<\/p>\n<p>Si \u00ebsht\u00eb e mundur q\u00eb vendet t\u00eb cilat qeveria jon\u00eb i quan \u2018skeptike\u2019, votuan pro p\u00ebr Maqedonin\u00eb e Veriut dhe kund\u00ebr Shqip\u00ebris\u00eb?<\/p>\n<p>Si \u00ebsht\u00eb e mundur q\u00eb kushtet e Gjermanis\u00eb, qeveria i lexon si fitore, duke mos pranuar t\u00eb shikoj\u00eb realitetin e nj\u00eb refuzimi me dipllomaci q\u00eb iu b\u00eb k\u00ebsaj qeverie?<\/p>\n<p>Si \u00ebsht\u00eb e mundur q\u00eb nj\u00eb Evrop\u00eb me kaq shum\u00eb probleme do t\u2019i rikthehet s\u00ebrish c\u00ebshtjes s\u00eb zgjerimit n\u00eb Maj 2020? A nuk do duhej ajo t\u00eb fokusohej te reformat e saj?<\/p>\n<p>E v\u00ebrteta \u00ebsht\u00eb se sado probleme t\u00eb ket\u00eb BE, askush nuk mund t\u00eb thot\u00eb sot se Shqip\u00ebria po lul\u00ebzon. Fatkeq\u00ebsisht, Shqip\u00ebria penalizoi vetveten me delir, arroganc\u00eb dhe refuzim t\u00eb p\u00ebrballjes me problemet e saj. Procesi i integrimit nuk \u00ebsht\u00eb proces m\u00ebshire por proces meritash. Si i till\u00eb ka nevoj\u00eb emergjente p\u00ebr nj\u00eb Pakt Komb\u00ebtar q\u00eb t\u00eb mund t\u2019i hap\u00eb rrug\u00eb perspektiv\u00ebs evropiane t\u00eb Shqip\u00ebris\u00eb!<\/p>","protected":false},"excerpt":{"rendered":"<p>Ish Ministrja e Integrimit Klajda Gjosha ka komentuar me nj\u00eb sh\u00ebnim n\u00eb faqen e saj n\u00eb facebook moshapjen\u00a0e negociatve per Shqip\u00ebrine\u00a0nga ana e K\u00ebshilit Europian. \u201cD\u00ebgjova edhe Kryeministrin t\u00eb shpejtonte n\u00eb mashtrimin e rradh\u00ebs, me sloganin \u2018Fajin e ka Evropa\u2019 dhe se problemet e brendshme t\u00eb BE penalizuan Shqip\u00ebrin\u00eb!\u201d, shkruan Gjosha ne postimin e saj [&hellip;]<\/p>\n","protected":false},"author":2013,"featured_media":60938,"comment_status":"open","ping_status":"closed","sticky":false,"template":"","format":"standard","meta":{"footnotes":""},"categories":[241,235],"tags":[],"class_list":{"0":"post-111112","1":"post","2":"type-post","3":"status-publish","4":"format-standard","5":"has-post-thumbnail","7":"category-aktualitet","8":"category-vendi"},"_links":{"self":[{"href":"https:\/\/zjarr.tv\/en\/wp-json\/wp\/v2\/posts\/111112","targetHints":{"allow":["GET"]}}],"collection":[{"href":"https:\/\/zjarr.tv\/en\/wp-json\/wp\/v2\/posts"}],"about":[{"href":"https:\/\/zjarr.tv\/en\/wp-json\/wp\/v2\/types\/post"}],"author":[{"embeddable":true,"href":"https:\/\/zjarr.tv\/en\/wp-json\/wp\/v2\/users\/2013"}],"replies":[{"embeddable":true,"href":"https:\/\/zjarr.tv\/en\/wp-json\/wp\/v2\/comments?post=111112"}],"version-history":[{"count":0,"href":"https:\/\/zjarr.tv\/en\/wp-json\/wp\/v2\/posts\/111112\/revisions"}],"wp:featuredmedia":[{"embeddable":true,"href":"https:\/\/zjarr.tv\/en\/wp-json\/wp\/v2\/media\/60938"}],"wp:attachment":[{"href":"https:\/\/zjarr.tv\/en\/wp-json\/wp\/v2\/media?parent=111112"}],"wp:term":[{"taxonomy":"category","embeddable":true,"href":"https:\/\/zjarr.tv\/en\/wp-json\/wp\/v2\/categories?post=111112"},{"taxonomy":"post_tag","embeddable":true,"href":"https:\/\/zjarr.tv\/en\/wp-json\/wp\/v2\/tags?post=111112"}],"curies":[{"name":"wp","href":"https:\/\/api.w.org\/{rel}","templated":true}]}}