{"id":111114,"date":"2019-10-20T13:47:07","date_gmt":"2019-10-20T11:47:07","guid":{"rendered":"https:\/\/zjarr.tv\/?p=111114"},"modified":"2019-10-20T13:47:07","modified_gmt":"2019-10-20T11:47:07","slug":"kaloi-me-makine-kordonin-e-policise-gjykata-vendos-arrest-shtepie-per-protestuesin","status":"publish","type":"post","link":"https:\/\/zjarr.tv\/en\/kaloi-me-makine-kordonin-e-policise-gjykata-vendos-arrest-shtepie-per-protestuesin\/","title":{"rendered":"Kaloi me makin\u00eb kordonin e policis\u00eb, gjykata vendos \u2018arrest sht\u00ebpie\u2019 p\u00ebr protestuesin"},"content":{"rendered":"<p>Krimet e R\u00ebnda japin mas\u00ebn \u2018arrest sht\u00ebpie\u2019 p\u00ebr Petrit Dukin, i arrestuar m\u00eb 16 tetor pasi \u00e7au me makin\u00eb kordonin e policis\u00eb n\u00eb Shkoz\u00eb, ku po shembeshin disa banesa.<\/p>\n<p>Gjykata e Krimeve t\u00eb R\u00ebnda Tiran\u00eb, me trup\u00eb gjyq\u00ebsore Bib Ndreca, ka dh\u00ebn\u00eb dit\u00ebn e sotme mas\u00ebn e sigurimit \u201cArrest sht\u00ebpie\u201d p\u00ebr personin n\u00ebn hetim Petrit Duki. Ai u arrestua nga policia m\u00eb dat\u00eb 16 tetor 2019 me akuz\u00ebn \u201cVrasje me dashje n\u00eb rrethana t\u00eb cil\u00ebsuara\u201d, e mbetur n\u00eb tentativ\u00eb.<\/p>\n<p>Por prokuroria e Krimeve t\u00eb R\u00ebnda ka b\u00ebr\u00eb ndryshimin e cil\u00ebsimit ligjor, duke e akuzuar Dukin vet\u00ebm p\u00ebr \u201cKund\u00ebrshtim t\u00eb forcave t\u00eb policis\u00eb\u201d dhe \u201cKanosje p\u00ebr shkak t\u00eb detyr\u00ebs\u201d, duke k\u00ebrkuar caktimin e mas\u00ebs s\u00eb siguris\u00eb \u201cArrest n\u00eb burg\u201d.<\/p>\n<p>N\u00eb caktimin e mas\u00ebs s\u00eb siguris\u00eb n\u00eb sall\u00eb ka qen\u00eb prezent edhe ish-deputeti dhe ish-Ministri i Drejt\u00ebsis\u00eb Aldo Bum\u00e7i, i cili nuk \u00ebsht\u00eb pranuar n\u00eb caktimin e mas\u00ebs s\u00eb siguris\u00eb.<br \/>\nBurimet b\u00ebjn\u00eb me dije q\u00eb vet\u00eb Petrit Duki dhe Avokati Arb\u00ebr Hoxha do t\u00eb apelojn\u00eb mas\u00ebn e sigurimit \u201cArrest sht\u00ebpie\u201d n\u00eb Gjykat\u00ebn e Apelit.<\/p>","protected":false},"excerpt":{"rendered":"<p>Krimet e R\u00ebnda japin mas\u00ebn \u2018arrest sht\u00ebpie\u2019 p\u00ebr Petrit Dukin, i arrestuar m\u00eb 16 tetor pasi \u00e7au me makin\u00eb kordonin e policis\u00eb n\u00eb Shkoz\u00eb, ku po shembeshin disa banesa. Gjykata e Krimeve t\u00eb R\u00ebnda Tiran\u00eb, me trup\u00eb gjyq\u00ebsore Bib Ndreca, ka dh\u00ebn\u00eb dit\u00ebn e sotme mas\u00ebn e sigurimit \u201cArrest sht\u00ebpie\u201d p\u00ebr personin n\u00ebn hetim Petrit [&hellip;]<\/p>\n","protected":false},"author":2013,"featured_media":111115,"comment_status":"open","ping_status":"closed","sticky":false,"template":"","format":"standard","meta":{"footnotes":""},"categories":[241,235],"tags":[],"class_list":{"0":"post-111114","1":"post","2":"type-post","3":"status-publish","4":"format-standard","5":"has-post-thumbnail","7":"category-aktualitet","8":"category-vendi"},"_links":{"self":[{"href":"https:\/\/zjarr.tv\/en\/wp-json\/wp\/v2\/posts\/111114","targetHints":{"allow":["GET"]}}],"collection":[{"href":"https:\/\/zjarr.tv\/en\/wp-json\/wp\/v2\/posts"}],"about":[{"href":"https:\/\/zjarr.tv\/en\/wp-json\/wp\/v2\/types\/post"}],"author":[{"embeddable":true,"href":"https:\/\/zjarr.tv\/en\/wp-json\/wp\/v2\/users\/2013"}],"replies":[{"embeddable":true,"href":"https:\/\/zjarr.tv\/en\/wp-json\/wp\/v2\/comments?post=111114"}],"version-history":[{"count":0,"href":"https:\/\/zjarr.tv\/en\/wp-json\/wp\/v2\/posts\/111114\/revisions"}],"wp:featuredmedia":[{"embeddable":true,"href":"https:\/\/zjarr.tv\/en\/wp-json\/wp\/v2\/media\/111115"}],"wp:attachment":[{"href":"https:\/\/zjarr.tv\/en\/wp-json\/wp\/v2\/media?parent=111114"}],"wp:term":[{"taxonomy":"category","embeddable":true,"href":"https:\/\/zjarr.tv\/en\/wp-json\/wp\/v2\/categories?post=111114"},{"taxonomy":"post_tag","embeddable":true,"href":"https:\/\/zjarr.tv\/en\/wp-json\/wp\/v2\/tags?post=111114"}],"curies":[{"name":"wp","href":"https:\/\/api.w.org\/{rel}","templated":true}]}}