{"id":111118,"date":"2019-10-20T13:55:58","date_gmt":"2019-10-20T11:55:58","guid":{"rendered":"https:\/\/zjarr.tv\/?p=111118"},"modified":"2019-10-20T13:55:58","modified_gmt":"2019-10-20T11:55:58","slug":"mbeshtetje-per-reformat-ministrja-denaj-takohet-me-zv-drejtorin-ekzekutiv-te-fmn-dhe-zv-presidentin-e-bb","status":"publish","type":"post","link":"https:\/\/zjarr.tv\/en\/mbeshtetje-per-reformat-ministrja-denaj-takohet-me-zv-drejtorin-ekzekutiv-te-fmn-dhe-zv-presidentin-e-bb\/","title":{"rendered":"Mb\u00ebshtetje p\u00ebr reformat, ministrja Denaj takohet me Zv\/drejtorin Ekzekutiv t\u00eb FMN dhe Zv\/Presidentin e BB"},"content":{"rendered":"<p>Ministrja e Financave dhe e Ekonomis\u00eb Anila Denaj dhe Guvernatori i Bank\u00ebs s\u00eb Shqip\u00ebris\u00eb, Gent Sejko, vijojn\u00eb takimet me p\u00ebrfaq\u00ebsues t\u00eb lart\u00eb t\u00eb FMN dhe BB n\u00eb SHBA. Takime t\u00eb r\u00ebnd\u00ebsishme jan\u00eb zhvilluar me Z. Tao Zhang, Zv\/Drejtor Ekzekutiv i FMN dhe Z. Poul Thomsen, drejtorin e FMN p\u00ebr Evrop\u00ebn, ku Ministrja Denaj, i informoi mbi situat\u00ebn ekonomike, politikat makro-ekonomike dhe fiskale q\u00eb po ndjek Ministria e Financave dhe Ekonomis\u00eb.<\/p>\n<p>Ministrja vler\u00ebsoi gjat\u00eb k\u00ebtyre takimeve se ruajtja e balanc\u00ebs primare pozitive, menaxhimi dhe ulja e m\u00ebtejshme e borxhit publik dhe ruajtja e deficitit n\u00ebn norm\u00ebn e 2%, mbeten objektiva t\u00eb t\u00eb dyja pal\u00ebve p\u00ebr t\u00eb shmangur ndikimin e ngadal\u00ebsimit t\u00eb rritjes ekonomike n\u00eb Evrop\u00eb.<\/p>\n<p>Gjithashtu gjat\u00eb takimit me z. Cyril Muller, Zv\/President p\u00ebr Evrop\u00ebn dhe Azin\u00eb Qendrore n\u00eb BB, dhe znj. Van Gelder, Drejtoresh\u00ebn p\u00ebr Ballkanin Per\u00ebndimor u rikonfirmua mb\u00ebshtetja e Bank\u00ebs Bot\u00ebrore n\u00eb sektor\u00eb t\u00eb r\u00ebnd\u00ebsish\u00ebm t\u00eb ekonomis\u00eb si\u00e7 \u00ebsht\u00eb energjia, transporti, tregtia si dhe p\u00ebr t\u00eb nisur bashk\u00ebpunime t\u00eb reja n\u00eb projekte me fokus zhvillimin e SME-ve, sektorin e arsimit dhe menaxhimin e mbetjeve urbane. Muller shprehu vler\u00ebsimet p\u00ebr reformat e qeveris\u00eb shqiptare duke evidentuar ecurin\u00eb e mir\u00eb dhe arritjet n\u00eb kuadrin e politikave fiskale, monetare dhe financiare, si dhe konfirmoi mb\u00ebshtetjen dhe bashk\u00ebpunimin e m\u00ebtejsh\u00ebm me Bank\u00ebn Bot\u00ebrore.<\/p>\n<p>Nd\u00ebrkoh\u00eb zyrtar\u00ebt e lart\u00eb t\u00eb k\u00ebtyre institucioneve t\u00eb r\u00ebnd\u00ebsishme financiare nd\u00ebrkomb\u00ebtare mb\u00ebshtesin vijimin e m\u00ebtejsh\u00ebm t\u00eb konsolidimit fiskal, si dhe konfirmuan vazhdim\u00ebsin\u00eb e asistenc\u00ebs nga ana e tyre p\u00ebr rritjen e kapaciteteve n\u00eb administrat\u00ebn tatimore dhe hartimin e Strategjis\u00eb Afatmesme t\u00eb t\u00eb Ardhurave n\u00eb Shqip\u00ebri.<\/p>","protected":false},"excerpt":{"rendered":"<p>Ministrja e Financave dhe e Ekonomis\u00eb Anila Denaj dhe Guvernatori i Bank\u00ebs s\u00eb Shqip\u00ebris\u00eb, Gent Sejko, vijojn\u00eb takimet me p\u00ebrfaq\u00ebsues t\u00eb lart\u00eb t\u00eb FMN dhe BB n\u00eb SHBA. Takime t\u00eb r\u00ebnd\u00ebsishme jan\u00eb zhvilluar me Z. Tao Zhang, Zv\/Drejtor Ekzekutiv i FMN dhe Z. Poul Thomsen, drejtorin e FMN p\u00ebr Evrop\u00ebn, ku Ministrja Denaj, i informoi [&hellip;]<\/p>\n","protected":false},"author":2013,"featured_media":111119,"comment_status":"open","ping_status":"closed","sticky":false,"template":"","format":"standard","meta":{"footnotes":""},"categories":[241,235],"tags":[],"class_list":{"0":"post-111118","1":"post","2":"type-post","3":"status-publish","4":"format-standard","5":"has-post-thumbnail","7":"category-aktualitet","8":"category-vendi"},"_links":{"self":[{"href":"https:\/\/zjarr.tv\/en\/wp-json\/wp\/v2\/posts\/111118","targetHints":{"allow":["GET"]}}],"collection":[{"href":"https:\/\/zjarr.tv\/en\/wp-json\/wp\/v2\/posts"}],"about":[{"href":"https:\/\/zjarr.tv\/en\/wp-json\/wp\/v2\/types\/post"}],"author":[{"embeddable":true,"href":"https:\/\/zjarr.tv\/en\/wp-json\/wp\/v2\/users\/2013"}],"replies":[{"embeddable":true,"href":"https:\/\/zjarr.tv\/en\/wp-json\/wp\/v2\/comments?post=111118"}],"version-history":[{"count":0,"href":"https:\/\/zjarr.tv\/en\/wp-json\/wp\/v2\/posts\/111118\/revisions"}],"wp:featuredmedia":[{"embeddable":true,"href":"https:\/\/zjarr.tv\/en\/wp-json\/wp\/v2\/media\/111119"}],"wp:attachment":[{"href":"https:\/\/zjarr.tv\/en\/wp-json\/wp\/v2\/media?parent=111118"}],"wp:term":[{"taxonomy":"category","embeddable":true,"href":"https:\/\/zjarr.tv\/en\/wp-json\/wp\/v2\/categories?post=111118"},{"taxonomy":"post_tag","embeddable":true,"href":"https:\/\/zjarr.tv\/en\/wp-json\/wp\/v2\/tags?post=111118"}],"curies":[{"name":"wp","href":"https:\/\/api.w.org\/{rel}","templated":true}]}}