{"id":111127,"date":"2019-10-20T13:58:28","date_gmt":"2019-10-20T11:58:28","guid":{"rendered":"https:\/\/zjarr.tv\/?p=111127"},"modified":"2019-10-20T13:58:28","modified_gmt":"2019-10-20T11:58:28","slug":"ish-ministri-e-krahason-shengenin-ballkanik-me-unionin-e-putinit-firmetaret-lidhen-me-rusine","status":"publish","type":"post","link":"https:\/\/zjarr.tv\/en\/ish-ministri-e-krahason-shengenin-ballkanik-me-unionin-e-putinit-firmetaret-lidhen-me-rusine\/","title":{"rendered":"Ish-ministri e krahason \u201cShengenin Ballkanik\u201d me Unionin e Putinit: Firm\u00ebtar\u00ebt lidhen me Rusin\u00eb"},"content":{"rendered":"<p>Ish-ministri i Jasht\u00ebm Tritan Shehu, e krahason marr\u00ebveshjen p\u00ebr 4 l\u00ebvizjet e lira t\u00eb ashtuquajtur \u201cShengeni Ballkanik\u201d mes Shqip\u00ebris\u00eb, Serbis\u00eb e Maqedonis\u00eb s\u00eb Veriut me Unionin Ekonomik Euroaziatik t\u00eb Putinit.<\/p>\n<p>N\u00eb nj\u00eb postim n\u00eb \u201cFacebook\u201d, Shehu kujton se nga dje Medvedev ndodhet n\u00eb Beograd ku mes shum\u00eb marr\u00ebveshjeve konfirmohet edhe firmosja nga Serbia e Traktatit me k\u00ebt\u00eb Union.<\/p>\n<p>Sipas tij, kjo marr\u00ebveshje nuk \u00ebsht\u00eb pritur mir\u00eb si nga SHBA ashtu dhe nga BE, nd\u00ebrsa kujton firmosjen e marr\u00ebveshjes mes Kryeministrit Edi Rama, presidentit t\u00eb Serbis\u00eb Aleksandar Vu\u00e7i\u00e7 dhe kryeministrit t\u00eb Maqedonis\u00eb s\u00eb Veriut Zoran Zaev pa pranin\u00eb e Brukselit.<\/p>\n<p><strong>POSTIMI I SHEHUT<\/strong><\/p>\n<p>\u201cShengenit\u201d ballkanik t\u00eb Rama-Vu\u00e7i\u00e7 po i \u201cdel tymi\u201d tek Unioni Ekonomik Euroaziatik i Putinit.<br \/>\nPrej dje Medvedev \u00ebsht\u00eb n\u00eb Beograd ku midis shum\u00eb marr\u00ebveshjeve konfirmohet edhe firmosja nga Serbia m\u00eb 25 tetor n\u00eb Mosk\u00eb e Traktatit me at\u00eb Union.<br \/>\nMegjith\u00ebse firmosja e atij Traktati nuk \u00ebsht\u00eb pritur mir\u00eb nga SHBA si dhe nga Brukseli p\u00ebr papajtueshm\u00ebri me an\u00ebtar\u00ebsimin n\u00eb BE dhe d\u00ebmtim t\u00eb integrimit europian t\u00eb Rajonit, Serbia nuk t\u00ebrhiqet nga rruga drejt Mosk\u00ebs.<br \/>\nNd\u00ebrkaq me par\u00eb Rama ka firmosur n\u00eb Serbi vet\u00ebm me Vu\u00e7i\u00e7 e Zaev e pa asnj\u00eb prezenc\u00eb t\u00eb Brukselit, nj\u00eb dokument komprometues p\u00ebr nj\u00eb \u201cShengen\u201d ballkanik, alias \u201cJugosllavia e Re\u201d.<br \/>\nTashm\u00eb firmosja nga Beogradi e Traktatit me Unionin e Putinit, i ngjash\u00ebm ky n\u00eb terma me \u2018Shengenin\u201d Rama-Vucic, b\u00ebn q\u00eb dhe ky i fundit me firm\u00ebtar\u00ebt e tij t\u00eb lidhet direkt apo indirekt me Rusin\u00eb, duke tentuar t\u00eb shtyjn\u00eb Shqip\u00ebrin\u00eb e Rajonin drejt Lindjes n\u00ebp\u00ebrmjet Serbis\u00eb.<br \/>\nT\u00eb tilla politika t\u00eb jashtme e Rajonale n\u00eb kund\u00ebrshtim me interesat tona jetike, europiane e Per\u00ebndimore, duhen ndalur.<\/p>\n<figure id=\"attachment_1151904\" class=\"wp-caption alignnone\"><a href=\"https:\/\/balkanweb.com\/wp-content\/uploads\/2019\/10\/Shehu-fb.png\" rel=\"lightbox\"><img loading=\"lazy\" decoding=\"async\" class=\"size-full wp-image-1151904\" src=\"https:\/\/balkanweb.com\/wp-content\/uploads\/2019\/10\/Shehu-fb.png\" sizes=\"auto, (max-width: 516px) 100vw, 516px\" srcset=\"https:\/\/balkanweb.com\/wp-content\/uploads\/2019\/10\/Shehu-fb.png 516w, https:\/\/balkanweb.com\/wp-content\/uploads\/2019\/10\/Shehu-fb-172x280.png 172w, https:\/\/balkanweb.com\/wp-content\/uploads\/2019\/10\/Shehu-fb-214x350.png 214w, https:\/\/balkanweb.com\/wp-content\/uploads\/2019\/10\/Shehu-fb-161x263.png 161w, https:\/\/balkanweb.com\/wp-content\/uploads\/2019\/10\/Shehu-fb-49x80.png 49w, https:\/\/balkanweb.com\/wp-content\/uploads\/2019\/10\/Shehu-fb-276x450.png 276w\" alt=\"Shehu Fb\" width=\"516\" height=\"842\" \/><\/a><\/figure>","protected":false},"excerpt":{"rendered":"<p>Ish-ministri i Jasht\u00ebm Tritan Shehu, e krahason marr\u00ebveshjen p\u00ebr 4 l\u00ebvizjet e lira t\u00eb ashtuquajtur \u201cShengeni Ballkanik\u201d mes Shqip\u00ebris\u00eb, Serbis\u00eb e Maqedonis\u00eb s\u00eb Veriut me Unionin Ekonomik Euroaziatik t\u00eb Putinit. N\u00eb nj\u00eb postim n\u00eb \u201cFacebook\u201d, Shehu kujton se nga dje Medvedev ndodhet n\u00eb Beograd ku mes shum\u00eb marr\u00ebveshjeve konfirmohet edhe firmosja nga Serbia e Traktatit [&hellip;]<\/p>\n","protected":false},"author":2013,"featured_media":110966,"comment_status":"open","ping_status":"closed","sticky":false,"template":"","format":"standard","meta":{"footnotes":""},"categories":[241,235],"tags":[],"class_list":{"0":"post-111127","1":"post","2":"type-post","3":"status-publish","4":"format-standard","5":"has-post-thumbnail","7":"category-aktualitet","8":"category-vendi"},"_links":{"self":[{"href":"https:\/\/zjarr.tv\/en\/wp-json\/wp\/v2\/posts\/111127","targetHints":{"allow":["GET"]}}],"collection":[{"href":"https:\/\/zjarr.tv\/en\/wp-json\/wp\/v2\/posts"}],"about":[{"href":"https:\/\/zjarr.tv\/en\/wp-json\/wp\/v2\/types\/post"}],"author":[{"embeddable":true,"href":"https:\/\/zjarr.tv\/en\/wp-json\/wp\/v2\/users\/2013"}],"replies":[{"embeddable":true,"href":"https:\/\/zjarr.tv\/en\/wp-json\/wp\/v2\/comments?post=111127"}],"version-history":[{"count":0,"href":"https:\/\/zjarr.tv\/en\/wp-json\/wp\/v2\/posts\/111127\/revisions"}],"wp:featuredmedia":[{"embeddable":true,"href":"https:\/\/zjarr.tv\/en\/wp-json\/wp\/v2\/media\/110966"}],"wp:attachment":[{"href":"https:\/\/zjarr.tv\/en\/wp-json\/wp\/v2\/media?parent=111127"}],"wp:term":[{"taxonomy":"category","embeddable":true,"href":"https:\/\/zjarr.tv\/en\/wp-json\/wp\/v2\/categories?post=111127"},{"taxonomy":"post_tag","embeddable":true,"href":"https:\/\/zjarr.tv\/en\/wp-json\/wp\/v2\/tags?post=111127"}],"curies":[{"name":"wp","href":"https:\/\/api.w.org\/{rel}","templated":true}]}}