{"id":111158,"date":"2019-10-20T16:05:56","date_gmt":"2019-10-20T14:05:56","guid":{"rendered":"https:\/\/zjarr.tv\/?p=111158"},"modified":"2019-10-20T16:05:56","modified_gmt":"2019-10-20T14:05:56","slug":"johnson-i-kerkon-be-se-shtyrjen-e-brexit-it","status":"publish","type":"post","link":"https:\/\/zjarr.tv\/en\/johnson-i-kerkon-be-se-shtyrjen-e-brexit-it\/","title":{"rendered":"Johnson i k\u00ebrkon BE-s\u00eb shtyrjen e Brexit-it"},"content":{"rendered":"<p>Kryeministri Boris Johnson i ka k\u00ebrkuar Bashkimit Evropian, t\u00eb vonoj\u00eb Brexitin pasi parlamenti britanik shtyu nj\u00eb vendim p\u00ebr t\u00eb mb\u00ebshtetur marr\u00ebveshjen e tij t\u00eb divorcit nga BE-ja.<\/p>\n<p>Por zoti Johnson gjithashtu b\u00ebri t\u00eb qart\u00eb se ai personalisht kund\u00ebrshton vonimin e daljes s\u00eb Britanis\u00eb, t\u00eb planifikuar p\u00ebr 31 tetor.<\/p>\n<p>N\u00eb letr\u00ebn e n\u00ebnshkruar nga kryeministri Johnson, argumentohet se nj\u00eb vones\u00eb do t\u00eb &#8220;d\u00ebmtonte interesat e Britanis\u00eb dhe partner\u00ebve tan\u00eb n\u00eb BE&#8221;.<\/p>\n<p>Dje kryeministri Johnson u tha ligjv\u00ebn\u00ebsve se &#8220;vonesa e m\u00ebtejshme do t\u00eb ishte e keqe p\u00ebr k\u00ebt\u00eb vend, e keqe p\u00ebr Bashkimin Evropian dhe e keqe p\u00ebr demokracin\u00eb&#8221;.<\/p>\n<p>Nj\u00eb or\u00eb para afatit kohor, Presidenti i K\u00ebshillit Evropian Donald Tusk tha n\u00eb Twitter: &#8220;K\u00ebrkesa p\u00ebr shtyrjen e Brexitit sapo ka mb\u00ebrritur. Tani do t\u00eb filloj t\u00eb k\u00ebshillohem me udh\u00ebheq\u00ebsit e BE-s\u00eb se si t\u00eb reagojm\u00eb&#8221;.<\/p>\n<p>N\u00eb nj\u00eb seanc\u00eb t\u00eb rrall\u00eb t\u00eb fundjav\u00ebs n\u00eb parlament, ligjv\u00ebn\u00ebsit votuan 322-306 p\u00ebr t\u00eb mos pranuar miratimin e tyre p\u00ebr marr\u00ebveshjen e Brexit derisa t\u00eb miratohet legjislacioni p\u00ebr zbatimin e tij.<\/p>","protected":false},"excerpt":{"rendered":"<p>Kryeministri Boris Johnson i ka k\u00ebrkuar Bashkimit Evropian, t\u00eb vonoj\u00eb Brexitin pasi parlamenti britanik shtyu nj\u00eb vendim p\u00ebr t\u00eb mb\u00ebshtetur marr\u00ebveshjen e tij t\u00eb divorcit nga BE-ja. Por zoti Johnson gjithashtu b\u00ebri t\u00eb qart\u00eb se ai personalisht kund\u00ebrshton vonimin e daljes s\u00eb Britanis\u00eb, t\u00eb planifikuar p\u00ebr 31 tetor. N\u00eb letr\u00ebn e n\u00ebnshkruar nga kryeministri Johnson, [&hellip;]<\/p>\n","protected":false},"author":2013,"featured_media":111159,"comment_status":"open","ping_status":"closed","sticky":false,"template":"","format":"standard","meta":{"footnotes":""},"categories":[241,191],"tags":[],"class_list":{"0":"post-111158","1":"post","2":"type-post","3":"status-publish","4":"format-standard","5":"has-post-thumbnail","7":"category-aktualitet","8":"category-bota"},"_links":{"self":[{"href":"https:\/\/zjarr.tv\/en\/wp-json\/wp\/v2\/posts\/111158","targetHints":{"allow":["GET"]}}],"collection":[{"href":"https:\/\/zjarr.tv\/en\/wp-json\/wp\/v2\/posts"}],"about":[{"href":"https:\/\/zjarr.tv\/en\/wp-json\/wp\/v2\/types\/post"}],"author":[{"embeddable":true,"href":"https:\/\/zjarr.tv\/en\/wp-json\/wp\/v2\/users\/2013"}],"replies":[{"embeddable":true,"href":"https:\/\/zjarr.tv\/en\/wp-json\/wp\/v2\/comments?post=111158"}],"version-history":[{"count":0,"href":"https:\/\/zjarr.tv\/en\/wp-json\/wp\/v2\/posts\/111158\/revisions"}],"wp:featuredmedia":[{"embeddable":true,"href":"https:\/\/zjarr.tv\/en\/wp-json\/wp\/v2\/media\/111159"}],"wp:attachment":[{"href":"https:\/\/zjarr.tv\/en\/wp-json\/wp\/v2\/media?parent=111158"}],"wp:term":[{"taxonomy":"category","embeddable":true,"href":"https:\/\/zjarr.tv\/en\/wp-json\/wp\/v2\/categories?post=111158"},{"taxonomy":"post_tag","embeddable":true,"href":"https:\/\/zjarr.tv\/en\/wp-json\/wp\/v2\/tags?post=111158"}],"curies":[{"name":"wp","href":"https:\/\/api.w.org\/{rel}","templated":true}]}}