{"id":111548,"date":"2019-10-26T14:37:41","date_gmt":"2019-10-26T12:37:41","guid":{"rendered":"https:\/\/zjarr.tv\/?p=111548"},"modified":"2019-10-26T14:37:41","modified_gmt":"2019-10-26T12:37:41","slug":"iu-nxori-gishtin-banoreve-te-unazes-se-re-basha-injoron-bochardtin","status":"publish","type":"post","link":"https:\/\/zjarr.tv\/en\/iu-nxori-gishtin-banoreve-te-unazes-se-re-basha-injoron-bochardtin\/","title":{"rendered":"Iu nxori gishtin banor\u00ebve t\u00eb Unaz\u00ebs s\u00eb re, Basha injoron Bochardtin"},"content":{"rendered":"<p>Gjesti jo diplomatik i ambasadorit Bern Bochardt ndaj protestuesve t\u00eb Unaz\u00ebs s\u00eb re, ngjalli pak dit\u00eb m\u00eb par\u00eb reagimin e fort\u00eb t\u00eb eksponent\u00ebve t\u00eb Partis\u00eb Demokratike.<\/p>\n<p>Lulzim Basha nuk i ka dh\u00ebn\u00eb atij as dor\u00ebn dit\u00ebn e djeshme teksa priti nj\u00eb delegacion t\u00eb OSBE-s\u00eb<\/p>\n<p>Pavar\u00ebsisht se ambasadori shkoi bashk\u00eb me delegacionin dhe sekretarin e P\u00ebrgjithsh\u00ebm t\u00eb misionit, Thomas Greminger n\u00eb zyr\u00ebn e Bash\u00ebs, kryetari i PD vazhdon t\u2019i mbaj\u00eb q\u00ebndrim \u00a0Borchardit.<\/p>\n<div id=\"rekl-13\">\n<div id=\"__sap-ad-15\" class=\"__sap-ads __sap-html tracked\" data-title=\"Credins desktop 08\"><ins><\/p>\n<div id=\"beacon_22194c77b5\"><img loading=\"lazy\" decoding=\"async\" src=\"https:\/\/ads1.medium.al\/www\/delivery\/lg.php?bannerid=369&amp;campaignid=48&amp;zoneid=232&amp;loc=https%3A%2F%2Fwww.syri.net%2Fpolitike%2F289800%2Fvideo-iu-nxori-gishtin-banoreve-te-unazes-se-re-basha-injoron-bochardtin%2F&amp;referer=https%3A%2F%2Fwww.syri.net%2Flajme%2F&amp;cb=22194c77b5\" alt=\"\" width=\"0\" height=\"0\" \/><\/div>\n<p><\/ins><\/div>\n<\/div>\n<div id=\"rekl-4\"><\/div>\n<p><iframe loading=\"lazy\" src=\"https:\/\/video.syri.net\/embed\/AoBeyZY9uteLL56\" width=\"700\" height=\"400\" frameborder=\"0\" allowfullscreen=\"allowfullscreen\" data-mce-fragment=\"1\"><\/iframe><\/p>\n<p>Mediat filmuan momentin kur delegacioni u p\u00ebrsh\u00ebndet me Bash\u00ebn n\u00eb dalje t\u00eb selis\u00eb blu, dhe kryetari i PD i takon t\u00eb gjith\u00eb me radh\u00eb p\u00ebrve\u00e7 Borchardit.<\/p>\n<p>Fytyra e ambasadorit q\u00eb i vete nga pas Bash\u00ebs teksa pret q\u00eb ky i fundit t\u2019a takoj\u00eb, \u00ebsht\u00eb nj\u00eb episod m\u00eb vete, por s\u2019ka nevoj\u00eb p\u00ebr shum\u00eb koment.<\/p>\n<p><iframe loading=\"lazy\" src=\"https:\/\/video.syri.net\/embed\/9mJzwqZsXsabqnX\" width=\"700\" height=\"400\" frameborder=\"0\" allowfullscreen=\"allowfullscreen\" data-mce-fragment=\"1\"><\/iframe><\/p>","protected":false},"excerpt":{"rendered":"<p>Gjesti jo diplomatik i ambasadorit Bern Bochardt ndaj protestuesve t\u00eb Unaz\u00ebs s\u00eb re, ngjalli pak dit\u00eb m\u00eb par\u00eb reagimin e fort\u00eb t\u00eb eksponent\u00ebve t\u00eb Partis\u00eb Demokratike. Lulzim Basha nuk i ka dh\u00ebn\u00eb atij as dor\u00ebn dit\u00ebn e djeshme teksa priti nj\u00eb delegacion t\u00eb OSBE-s\u00eb Pavar\u00ebsisht se ambasadori shkoi bashk\u00eb me delegacionin dhe sekretarin e P\u00ebrgjithsh\u00ebm [&hellip;]<\/p>\n","protected":false},"author":2013,"featured_media":0,"comment_status":"open","ping_status":"closed","sticky":false,"template":"","format":"standard","meta":{"footnotes":""},"categories":[1],"tags":[],"class_list":{"0":"post-111548","1":"post","2":"type-post","3":"status-publish","4":"format-standard","6":"category-uncategorized-sq"},"_links":{"self":[{"href":"https:\/\/zjarr.tv\/en\/wp-json\/wp\/v2\/posts\/111548","targetHints":{"allow":["GET"]}}],"collection":[{"href":"https:\/\/zjarr.tv\/en\/wp-json\/wp\/v2\/posts"}],"about":[{"href":"https:\/\/zjarr.tv\/en\/wp-json\/wp\/v2\/types\/post"}],"author":[{"embeddable":true,"href":"https:\/\/zjarr.tv\/en\/wp-json\/wp\/v2\/users\/2013"}],"replies":[{"embeddable":true,"href":"https:\/\/zjarr.tv\/en\/wp-json\/wp\/v2\/comments?post=111548"}],"version-history":[{"count":0,"href":"https:\/\/zjarr.tv\/en\/wp-json\/wp\/v2\/posts\/111548\/revisions"}],"wp:attachment":[{"href":"https:\/\/zjarr.tv\/en\/wp-json\/wp\/v2\/media?parent=111548"}],"wp:term":[{"taxonomy":"category","embeddable":true,"href":"https:\/\/zjarr.tv\/en\/wp-json\/wp\/v2\/categories?post=111548"},{"taxonomy":"post_tag","embeddable":true,"href":"https:\/\/zjarr.tv\/en\/wp-json\/wp\/v2\/tags?post=111548"}],"curies":[{"name":"wp","href":"https:\/\/api.w.org\/{rel}","templated":true}]}}